{"id":57393,"date":"2016-01-09T15:34:20","date_gmt":"2016-01-09T13:34:20","guid":{"rendered":"http:\/\/www.sana.sy\/tr\/?p=57393"},"modified":"2016-01-09T15:34:20","modified_gmt":"2016-01-09T13:34:20","slug":"ordu-biliklerimizin-halk-savunma-gucleriyle-isbirligi-icinde-lazkiye-kirsalinin-kuzeydogusunda-erdogan-cetelerini-agir-kayiplara-ugratmaya-devam-ettiklerini-belirten-kaynak-bin-cazi-ve-kamui-tepelerin","status":"publish","type":"post","link":"https:\/\/archive.sana.sy\/tr\/?p=57393","title":{"rendered":"Ordu biliklerimizin halk savunma g\u00fc\u00e7leriyle i\u015fbirli\u011fi i\u00e7inde Lazkiye k\u0131rsal\u0131n\u0131n kuzeydo\u011fusunda Erdo\u011fan \u00e7etelerini a\u011f\u0131r kay\u0131plara u\u011fratmaya devam ettiklerini belirten kaynak Bin Cazi ve Kamui tepelerine ek olarak Keddin K\u00f6y\u00fcn\u00fc bu \u00e7etelerden temizleyip kontrol\u00fc ellerine ge\u00e7irdiklerini aktard\u0131"},"content":{"rendered":"<p>Ordu biliklerimizin halk savunma g\u00fc\u00e7leriyle i\u015fbirli\u011fi i\u00e7inde Lazkiye k\u0131rsal\u0131n\u0131n kuzeydo\u011fusunda Erdo\u011fan \u00e7etelerini a\u011f\u0131r kay\u0131plara u\u011fratmaya devam ettiklerini belirten kaynak Bin Cazi ve Kamui tepelerine ek olarak Keddin K\u00f6y\u00fcn\u00fc bu \u00e7etelerden temizleyip kontrol\u00fc ellerine ge\u00e7irdiklerini aktard\u0131<\/p>\n","protected":false},"excerpt":{"rendered":"<p>Ordu biliklerimizin halk savunma g\u00fc\u00e7leriyle i\u015fbirli\u011fi i\u00e7inde Lazkiye k\u0131rsal\u0131n\u0131n kuzeydo\u011fusunda Erdo\u011fan \u00e7etelerini a\u011f\u0131r kay\u0131plara u\u011fratmaya devam ettiklerini belirten kaynak Bin Cazi ve Kamui tepelerine ek olarak Keddin K\u00f6y\u00fcn\u00fc bu \u00e7etelerden temizleyip kontrol\u00fc ellerine ge\u00e7irdiklerini aktard\u0131<\/p>\n","protected":false},"author":1,"featured_media":0,"comment_status":"closed","ping_status":"closed","sticky":false,"template":"","format":"standard","meta":{"footnotes":""},"categories":[17991],"tags":[],"class_list":["post-57393","post","type-post","status-publish","format-standard","","category-son-dakika"],"_links":{"self":[{"href":"https:\/\/archive.sana.sy\/tr\/index.php?rest_route=\/wp\/v2\/posts\/57393","targetHints":{"allow":["GET"]}}],"collection":[{"href":"https:\/\/archive.sana.sy\/tr\/index.php?rest_route=\/wp\/v2\/posts"}],"about":[{"href":"https:\/\/archive.sana.sy\/tr\/index.php?rest_route=\/wp\/v2\/types\/post"}],"author":[{"embeddable":true,"href":"https:\/\/archive.sana.sy\/tr\/index.php?rest_route=\/wp\/v2\/users\/1"}],"replies":[{"embeddable":true,"href":"https:\/\/archive.sana.sy\/tr\/index.php?rest_route=%2Fwp%2Fv2%2Fcomments&post=57393"}],"version-history":[{"count":0,"href":"https:\/\/archive.sana.sy\/tr\/index.php?rest_route=\/wp\/v2\/posts\/57393\/revisions"}],"wp:attachment":[{"href":"https:\/\/archive.sana.sy\/tr\/index.php?rest_route=%2Fwp%2Fv2%2Fmedia&parent=57393"}],"wp:term":[{"taxonomy":"category","embeddable":true,"href":"https:\/\/archive.sana.sy\/tr\/index.php?rest_route=%2Fwp%2Fv2%2Fcategories&post=57393"},{"taxonomy":"post_tag","embeddable":true,"href":"https:\/\/archive.sana.sy\/tr\/index.php?rest_route=%2Fwp%2Fv2%2Ftags&post=57393"}],"curies":[{"name":"wp","href":"https:\/\/api.w.org\/{rel}","templated":true}]}}