{"id":57406,"date":"2016-01-09T20:00:36","date_gmt":"2016-01-09T18:00:36","guid":{"rendered":"http:\/\/www.sana.sy\/tr\/?p=57406"},"modified":"2016-01-10T14:50:36","modified_gmt":"2016-01-10T12:50:36","slug":"kahramanlarimiz-dunyada-vatanseverlik-ve-onur-timsali-olmayi-basardilar-3","status":"publish","type":"post","link":"https:\/\/archive.sana.sy\/tr\/?p=57406","title":{"rendered":"Kahramanlar\u0131m\u0131z D\u00fcnyada Vatanseverlik ve Onur Timsali Olmay\u0131 Ba\u015fard\u0131lar"},"content":{"rendered":"<p>\u0130LLER \u2013 Bug\u00fcne kadar vatan\u0131 korumada hi\u00e7bir g\u00fcce boyun e\u011fmeyen kahraman birliklerimiz d\u00fcnyan\u0131n en g\u00fc\u00e7l\u00fc g\u00f6r\u00fcnen devletlerden finans ve silah yard\u0131m\u0131 alan ter\u00f6ristleri emsali g\u00f6r\u00fclmemi\u015f bir hezimete u\u011fratarak d\u00fcnya kamuoyunda vatanseverlik ve onurun timsali olmay\u0131 ba\u015fard\u0131lar.<\/p>\n<p><span style=\"color: #0000ff\">HAMA:<\/span><\/p>\n<p>Saha kaynaklar\u0131 SANA muhabirine a\u00e7\u0131klamalar\u0131nda; ordu birliklerimizin Hama k\u0131rsal\u0131n\u0131n do\u011fusu Rahcan K\u00f6y\u00fcnde I\u015e\u0130D ter\u00f6r \u00f6rg\u00fct\u00fcne tabi toplanma yerleri ve ara\u00e7 konvoylar\u0131n\u0131 yo\u011fun ate\u015fe tutmalar\u0131 sonucunda 8 ter\u00f6risti \u00f6ld\u00fcr\u00fcp silah ve cephane ta\u015f\u0131yan ara\u00e7lar\u0131n\u0131 imha ettiklerini ifade etti.<\/p>\n<p>Hama Kentinin yakla\u015f\u0131k 30 km kuzeyine d\u00fc\u015fen Morik Kentinde de ordu birliklerimizin I\u015e\u0130D radikal ter\u00f6r \u00f6rg\u00fct\u00fcne ba\u011fl\u0131 \u2018Cund el Aksa\u2019n\u0131n mevkilerine y\u00f6nelik bir operasyon ger\u00e7ekle\u015ftirdiklerini belirten kaynaklar; 3 ter\u00f6risti su\u00e7 edatlar\u0131yla birlikte etkisiz hale getirdiklerini s\u00f6yledi.<\/p>\n<p>Kaynaklar Hama \u2013 \u0130dlib \u2013 Lazkiye il idari s\u0131n\u0131rlar\u0131 \u00fc\u00e7genine d\u00fc\u015fen Sermaniye Beldesinde Vahhabi \u00c2l Suud ve ihvanc\u0131 Erdo\u011fan rejimlerinin destekledikleri \u2018Fetih Ordusu\u2019nun yuvalar\u0131n\u0131 hedef alan ordu birliklerimizin; en az 6 ter\u00f6risti \u00f6ld\u00fcrd\u00fcklerini aktard\u0131.<\/p>\n<p>Hama k\u0131rsal\u0131n\u0131n kuzeyinde \u0130dlib il idari s\u0131n\u0131rlar\u0131na yak\u0131n d\u00fc\u015fen Tel Vasit, Karkur ve Nansura k\u00f6ylerinde de ordu birliklerimizin \u2018Cund el Aksa\u2019 ve \u2018Ahrar el \u015eam \u0130slami Hareketi\u2019nin toplanma yerleri ve mevkilerini yo\u011fun ate\u015fe tutuklar\u0131n\u0131 aktaran kaynak; \u00e7ok say\u0131da ter\u00f6risti \u00f6l\u00fc ve yaral\u0131 d\u00fc\u015f\u00fcr\u00fcrken bir k\u0131sm\u0131 a\u011f\u0131r makineli silahlarla donat\u0131lm\u0131\u015f ara\u00e7lar\u0131n\u0131 tahrip ettiklerini belirtti.<\/p>\n<p>Hama k\u0131rsal\u0131n\u0131n bat\u0131s\u0131nda askeri operasyonlarda d\u00fcn 7 ara\u00e7 imha edilip aralar\u0131nda \u2018Fetih Ordusu\u2019nda \u2018Ebu Bekir el Asadi\u2019 kod ad\u0131yla bilenen Irakl\u0131 bir ter\u00f6r eleba\u015f\u0131n\u0131n bulundu\u011fu 30 ter\u00f6rist \u00f6ld\u00fcr\u00fclm\u00fc\u015ft\u00fc.<\/p>\n<p><span style=\"color: #0000ff\">\u0130DL\u0130B:<\/span><\/p>\n<p>Ak\u015fam saatlerinde a\u00e7\u0131klama yapan bir kaynak; hava g\u00fc\u00e7lerimizin \u0130dlib Kentinin yakla\u015f\u0131k 26 km g\u00fcneydo\u011fusuna d\u00fc\u015fen Serakib ve Muardibse b\u00f6lgelerinde Erdo\u011fan rejimine tabi \u2018Fetih Ordusu\u2019 ve di\u011fer \u00e7etelerin mevkilerine y\u00f6nelik hava operasyonlar\u0131nda 8 ter\u00f6risti \u00f6ld\u00fcr\u00fcp a\u011f\u0131r makineli silahlarla donat\u0131lm\u0131\u015f 2 arac\u0131 da imha ettiklerini ifade etti.<\/p>\n<p>Kaynak; \u0130dlib Kentinin 42 km g\u00fcneyine d\u00fc\u015fen Muarret el Numan Kasabas\u0131nda da hava g\u00fc\u00e7lerimizin Nusra Cephesinden bir\u00e7ok ter\u00f6risti \u00f6l\u00fc ve yaral\u0131 d\u00fc\u015f\u00fcr\u00fcp cehennem topu ve roketlerin imal edildi\u011fi at\u00f6lyelerini tamam\u0131yla imha ettiklerini s\u00f6yledi.<\/p>\n<p>Bu arada ter\u00f6r \u00e7eteleri medya ara\u00e7lar\u0131nda ge\u00e7en g\u00fcnlerde ter\u00f6r \u00f6rg\u00fctlerin say\u0131 ve te\u00e7hizatlar\u0131yla a\u011f\u0131r kay\u0131plara u\u011frat\u0131lmalar\u0131 ard\u0131ndan \u0130dlib k\u0131rsal\u0131 Ariyha Beldesinde Cund el Aksa ter\u00f6r \u00f6rg\u00fct\u00fcnde s\u00f6zde g\u00fcvenlik sorumlusunun ka\u00e7\u0131r\u0131l\u0131p 3 ter\u00f6ristin de tasfiye edildi\u011fini s\u00f6yledi.<\/p>\n<p><span style=\"color: #0000ff\">DERA:<\/span><\/p>\n<p>Dera Kentinde ise ordu birliklerimizin \u0130srail\u2019den destek alan ter\u00f6r \u00f6rg\u00fctlere kar\u015f\u0131 operasyonlar\u0131n\u0131 s\u00fcrd\u00fcrd\u00fcklerini beyan eden askeri kaynak; Dera Mahatta\u2019n\u0131n muhtelif b\u00f6lgelerinde ter\u00f6ristlerin saflar\u0131nda b\u00fcy\u00fck kay\u0131plara yol a\u00e7t\u0131klar\u0131n\u0131 s\u00f6zlerine ekledi.<\/p>\n<p>G\u00fcn i\u00e7inde a\u00e7\u0131klama yapan bir kaynak; ordu birliklerimizin Dera Mahatta ve Dera Beled b\u00f6lgelerinde ter\u00f6ristlerin ara\u00e7, yuva ve k\u00fcmelenme yerlerini imha ederken bir\u00e7ok ter\u00f6risti \u00f6l\u00fc ve yaral\u0131 d\u00fc\u015f\u00fcrd\u00fcklerini aktard\u0131.<\/p>\n<p>Dera Beled\u2019te de d\u00fcn Becabice ve Bedu mahalleleri, eski g\u00fcmr\u00fck b\u00f6lgesi ve Buhar Semtinde yeni ilerlemeler ger\u00e7ekle\u015ftiren ordu birliklerimiz; ter\u00f6ristlere ait 6 z\u0131rhl\u0131 arac\u0131 imha edip 37 ter\u00f6risti \u00f6ld\u00fcrmelerine e\u015f zamanl\u0131 olarak Men\u015fiye Semtinde ara\u00e7, top ve havan rampalar\u0131n\u0131n yan\u0131 s\u0131ra u\u00e7aksavar toplar\u0131n\u0131 yok etmi\u015flerdi.<\/p>\n<p>Di\u011fer yandan ter\u00f6ristler, medya ara\u00e7lar\u0131nda aralar\u0131nda tehlikeli isimlerin bulundu\u011fu bir\u00e7ok ter\u00f6ristin \u00f6ld\u00fcr\u00fcld\u00fc\u011f\u00fcn\u00fc itiraf etti.<\/p>\n<p><span style=\"color: #0000ff\">S\u00dcVEYDA:<\/span><\/p>\n<p>\u00d6te yandan ordu birliklerimiz S\u00fcveyda Kentinin yakla\u015f\u0131k 40 km kuzeydo\u011fusuna d\u00fc\u015fen el Kasr K\u00f6y\u00fcn\u00fcn g\u00fcneybat\u0131s\u0131nda I\u015e\u0130D\u2019in siper ve karargahlar\u0131n\u0131 hedef almalar\u0131yla \u00e7ok say\u0131da ter\u00f6risti \u00f6l\u00fc ve yaral\u0131 d\u00fc\u015f\u00fcr\u00fcp havzalar\u0131nda bulunan silah ve m\u00fchimmatlar\u0131n\u0131 imha etti.<\/p>\n<p><span style=\"color: #0000ff\">HALEP:<\/span><\/p>\n<p>SANA\u2019ya a\u00e7\u0131klama yapan askeri bir kaynak; Halep Kentinde katil Erdo\u011fan rejimine ba\u011fl\u0131 Nusra Cephesi ve di\u011fer ter\u00f6r \u00f6rg\u00fctlere kar\u015f\u0131 ba\u015far\u0131l\u0131 operasyonlar ger\u00e7ekle\u015ftiren ordu birliklerimizin; Ra\u015fidin 4, Leyramun, Beni Zeyd ve Kerm el Cezmati semtlerine ilaveten Zehra Cemiyeti civar\u0131nda bir\u00e7ok ter\u00f6risti \u00f6l\u00fc ve yaral\u0131 d\u00fc\u015f\u00fcrerek havan rampalar\u0131n\u0131 imha ettiklerini belirtti.<\/p>\n<p><span style=\"color: #0000ff\">LAZK\u0130YE:<\/span><\/p>\n<p>SANA\u2019ya konu\u015fan askeri kaynak ordu birliklerimizin Lazkiye k\u0131rsal\u0131nda Erdo\u011fan rejimine tabi \u00e7okuluslu tekfirci ter\u00f6r \u00e7eteleri say\u0131 ve ekipmanlar\u0131yla b\u00fcy\u00fck kay\u0131plara u\u011fratmalar\u0131 ard\u0131ndan M\u011fayriye K\u00f6y\u00fc ve R\u00fcveyset el Kamui tepelerini bu \u00e7etelerden temizleyip kontrollerine ge\u00e7irdiklerini ilan etti.<\/p>\n<p>Ordu birliklerimizin halk savunma g\u00fc\u00e7leriyle i\u015fbirli\u011fi i\u00e7inde Lazkiye k\u0131rsal\u0131n\u0131n kuzeydo\u011fusunda Erdo\u011fan \u00e7etelerini a\u011f\u0131r kay\u0131plara u\u011fratmaya devam ettiklerini s\u00f6yleyen kaynak Bin Cazi ve Kamui tepelerine ek olarak Keddin K\u00f6y\u00fcn\u00fc bu \u00e7etelerden temizleyip kontrol\u00fc ellerine ge\u00e7irdiklerine dikkat \u00e7ekti.<\/p>\n<p><span style=\"color: #0000ff\">\u015eAM KIRSALI:<\/span><\/p>\n<p>Bu arada saha kaynaklar\u0131 SANA muhabirine a\u00e7\u0131klamalar\u0131nda; \u015eam k\u0131rsal\u0131 Merc el Sultan Beldesinin kuzeybat\u0131s\u0131nda yeni ilerlemeler ger\u00e7ekle\u015ftiren ordu birliklerimizin; Hav\u015f Hrabu y\u00f6n\u00fcnde birka\u00e7 \u00e7iftlik ve bina blo\u011funu kontrollerine ge\u00e7irerek 4 ter\u00f6risti \u00f6ld\u00fcrd\u00fcklerini beyan etti.<\/p>\n<p>Kaynaklar Merc el Sultan Beldesinin do\u011fusuna d\u00fc\u015fen Bilaliye K\u00f6y\u00fc Bulvar\u0131 civar\u0131nda Nusra Cephesi ve \u2018\u0130slam Ordusu\u2019na ait havan topu ve komuta karargahlar\u0131n\u0131 imha den ordu birliklerimizin; 8 ter\u00f6risti \u00f6ld\u00fcrd\u00fcklerine dikkat \u00e7ekti.<\/p>\n<p>Di\u011fer yandan top\u00e7u birliklerimizin \u015eam k\u0131rsal\u0131 Zebdin Beldesinde ter\u00f6ristlerin bir komuta karargah\u0131n\u0131 tamamen imha ettiklerini aktaran kaynaklar; Ahmet Lababidi ve Hassan Zeynu adl\u0131 tehlikeli ter\u00f6ristleri \u00f6ld\u00fcrd\u00fcklerini belirtti.<\/p>\n<p>Duma Kentinin kenarlar\u0131na d\u00fc\u015fen Kerm el Rasas, Haccariye ve Abd\u00fcrrauf \u00e7iftliklerinde ise ordu birliklerimizin \u2018\u0130slam Ordusu\u2019na ait a\u011f\u0131r makineli silahla donat\u0131lm\u0131\u015f bir arac\u0131 imha ettiklerini s\u00f6yleyen kaynaklar; 8 ter\u00f6risti de \u00f6ld\u00fcrd\u00fcklerini s\u00f6zlerine ekledi.<\/p>\n<p>Kaynaklar; ordu birliklerimizin Duma Kentinin kuzeydo\u011fusuna d\u00fc\u015fen Hav\u015f el Fare ve Tel el Savvan \u00e7iftliklerine s\u0131zan ter\u00f6r gruplar\u0131yla \u015fiddetli \u00e7at\u0131\u015fmalara girerek sald\u0131rgan gruplar\u0131n t\u00fcm \u00fcyelerini \u00f6l\u00fc ve yaral\u0131 d\u00fc\u015f\u00fcrmelerine e\u015f zamanl\u0131 olarak Madiyra K\u00f6y\u00fcn\u00fcn kuzeybat\u0131s\u0131nda bir ter\u00f6r karargah\u0131na kar\u015f\u0131 operasyonunda 4 ter\u00f6risti de \u00f6ld\u00fcrd\u00fcklerini s\u00f6yledi.<\/p>\n<p>M.M.<\/p>\n","protected":false},"excerpt":{"rendered":"<p>\u0130LLER \u2013 Bug\u00fcne kadar vatan\u0131 korumada hi\u00e7bir g\u00fcce boyun e\u011fmeyen kahraman birliklerimiz d\u00fcnyan\u0131n en g\u00fc\u00e7l\u00fc g\u00f6r\u00fcnen devletlerden finans ve silah yard\u0131m\u0131 alan ter\u00f6ristleri emsali g\u00f6r\u00fclmemi\u015f bir hezimete u\u011fratarak d\u00fcnya kamuoyunda vatanseverlik ve onurun timsali olmay\u0131 ba\u015fard\u0131lar. HAMA: Saha kaynaklar\u0131 SANA muhabirine a\u00e7\u0131klamalar\u0131nda; ordu birliklerimizin Hama k\u0131rsal\u0131n\u0131n do\u011fusu Rahcan K\u00f6y\u00fcnde I\u015e\u0130D ter\u00f6r \u00f6rg\u00fct\u00fcne tabi toplanma yerleri &hellip;<\/p>\n","protected":false},"author":1,"featured_media":57407,"comment_status":"closed","ping_status":"closed","sticky":false,"template":"","format":"standard","meta":{"footnotes":""},"categories":[575],"tags":[14968],"class_list":["post-57406","post","type-post","status-publish","format-standard","has-post-thumbnail","","category-olaylar-ve-gercekler","tag-kahramanlarimiz-dunyada-vatanseverlik-ve-onur-timsali-olmayi-basardilar"],"_links":{"self":[{"href":"https:\/\/archive.sana.sy\/tr\/index.php?rest_route=\/wp\/v2\/posts\/57406","targetHints":{"allow":["GET"]}}],"collection":[{"href":"https:\/\/archive.sana.sy\/tr\/index.php?rest_route=\/wp\/v2\/posts"}],"about":[{"href":"https:\/\/archive.sana.sy\/tr\/index.php?rest_route=\/wp\/v2\/types\/post"}],"author":[{"embeddable":true,"href":"https:\/\/archive.sana.sy\/tr\/index.php?rest_route=\/wp\/v2\/users\/1"}],"replies":[{"embeddable":true,"href":"https:\/\/archive.sana.sy\/tr\/index.php?rest_route=%2Fwp%2Fv2%2Fcomments&post=57406"}],"version-history":[{"count":0,"href":"https:\/\/archive.sana.sy\/tr\/index.php?rest_route=\/wp\/v2\/posts\/57406\/revisions"}],"wp:featuredmedia":[{"embeddable":true,"href":"https:\/\/archive.sana.sy\/tr\/index.php?rest_route=\/wp\/v2\/media\/57407"}],"wp:attachment":[{"href":"https:\/\/archive.sana.sy\/tr\/index.php?rest_route=%2Fwp%2Fv2%2Fmedia&parent=57406"}],"wp:term":[{"taxonomy":"category","embeddable":true,"href":"https:\/\/archive.sana.sy\/tr\/index.php?rest_route=%2Fwp%2Fv2%2Fcategories&post=57406"},{"taxonomy":"post_tag","embeddable":true,"href":"https:\/\/archive.sana.sy\/tr\/index.php?rest_route=%2Fwp%2Fv2%2Ftags&post=57406"}],"curies":[{"name":"wp","href":"https:\/\/api.w.org\/{rel}","templated":true}]}}