{"id":57428,"date":"2016-01-10T11:27:09","date_gmt":"2016-01-10T09:27:09","guid":{"rendered":"http:\/\/www.sana.sy\/tr\/?p=57428"},"modified":"2016-01-11T16:36:25","modified_gmt":"2016-01-11T14:36:25","slug":"turkiyeye-calinti-petrol-tasiyan-isidin-20-tankeri-imha-edildi","status":"publish","type":"post","link":"https:\/\/archive.sana.sy\/tr\/?p=57428","title":{"rendered":"T\u00fcrkiye\u2019ye \u00c7al\u0131nt\u0131 Petrol Ta\u015f\u0131yan I\u015e\u0130D\u2019in 20 Tankeri \u0130mha Edildi"},"content":{"rendered":"<p>DEYREZZOR \u2013 Saha kaynaklar\u0131 hava g\u00fc\u00e7lerimizin Meyadin \u2013 Deyrezzor otoban\u0131 paralelindeki ka\u00e7ak yol \u00fczerinde seyir eden ve I\u015e\u0130D ter\u00f6r \u00f6rg\u00fct\u00fcne ait olan 20 tankerden olu\u015fan bir yak\u0131t konvoyunu imha ettiklerini belirtti.<\/p>\n<p>Kaynaklar tamam\u0131yla imha edilen yak\u0131t tankerlerinin T\u00fcrk simsarlar\u0131n arac\u0131l\u0131\u011f\u0131 ile T\u00fcrkiye\u2019ye ka\u00e7\u0131r\u0131lan \u00e7al\u0131nt\u0131 petrol\u00fc T\u00fcrkiye\u2019ye g\u00f6nderme merkezi say\u0131lan Meyadin Kenti y\u00f6n\u00fcnde seyir ederken hedef al\u0131nd\u0131klar\u0131na dikkat \u00e7ekti.<\/p>\n<p>Medya ve istihbarat kaynaklar\u0131 T\u00fcrkiye\u2019de ba\u015fta rejim ba\u015fkan\u0131 Recep Tayip Erdo\u011fan ve aile fertleri olmak \u00fczere T\u00fcrkiye\u2019de \u00fcst d\u00fczey yetkililerin I\u015e\u0130D\u2019in Suriye ve Irak\u2019tan \u00e7ald\u0131\u011f\u0131 petrol ticaretine bula\u015ft\u0131klar\u0131n\u0131 belirtiyor.<\/p>\n<p>R.H.<\/p>\n","protected":false},"excerpt":{"rendered":"<p>DEYREZZOR \u2013 Saha kaynaklar\u0131 hava g\u00fc\u00e7lerimizin Meyadin \u2013 Deyrezzor otoban\u0131 paralelindeki ka\u00e7ak yol \u00fczerinde seyir eden ve I\u015e\u0130D ter\u00f6r \u00f6rg\u00fct\u00fcne ait olan 20 tankerden olu\u015fan bir yak\u0131t konvoyunu imha ettiklerini belirtti. Kaynaklar tamam\u0131yla imha edilen yak\u0131t tankerlerinin T\u00fcrk simsarlar\u0131n arac\u0131l\u0131\u011f\u0131 ile T\u00fcrkiye\u2019ye ka\u00e7\u0131r\u0131lan \u00e7al\u0131nt\u0131 petrol\u00fc T\u00fcrkiye\u2019ye g\u00f6nderme merkezi say\u0131lan Meyadin Kenti y\u00f6n\u00fcnde seyir ederken hedef &hellip;<\/p>\n","protected":false},"author":1,"featured_media":57429,"comment_status":"closed","ping_status":"closed","sticky":false,"template":"","format":"standard","meta":{"footnotes":""},"categories":[575],"tags":[18462],"class_list":["post-57428","post","type-post","status-publish","format-standard","has-post-thumbnail","","category-olaylar-ve-gercekler","tag-turkiyeye-calinti-petrol-tasiyan-isidin-20-tankeri-imha-edildi"],"_links":{"self":[{"href":"https:\/\/archive.sana.sy\/tr\/index.php?rest_route=\/wp\/v2\/posts\/57428","targetHints":{"allow":["GET"]}}],"collection":[{"href":"https:\/\/archive.sana.sy\/tr\/index.php?rest_route=\/wp\/v2\/posts"}],"about":[{"href":"https:\/\/archive.sana.sy\/tr\/index.php?rest_route=\/wp\/v2\/types\/post"}],"author":[{"embeddable":true,"href":"https:\/\/archive.sana.sy\/tr\/index.php?rest_route=\/wp\/v2\/users\/1"}],"replies":[{"embeddable":true,"href":"https:\/\/archive.sana.sy\/tr\/index.php?rest_route=%2Fwp%2Fv2%2Fcomments&post=57428"}],"version-history":[{"count":0,"href":"https:\/\/archive.sana.sy\/tr\/index.php?rest_route=\/wp\/v2\/posts\/57428\/revisions"}],"wp:featuredmedia":[{"embeddable":true,"href":"https:\/\/archive.sana.sy\/tr\/index.php?rest_route=\/wp\/v2\/media\/57429"}],"wp:attachment":[{"href":"https:\/\/archive.sana.sy\/tr\/index.php?rest_route=%2Fwp%2Fv2%2Fmedia&parent=57428"}],"wp:term":[{"taxonomy":"category","embeddable":true,"href":"https:\/\/archive.sana.sy\/tr\/index.php?rest_route=%2Fwp%2Fv2%2Fcategories&post=57428"},{"taxonomy":"post_tag","embeddable":true,"href":"https:\/\/archive.sana.sy\/tr\/index.php?rest_route=%2Fwp%2Fv2%2Ftags&post=57428"}],"curies":[{"name":"wp","href":"https:\/\/api.w.org\/{rel}","templated":true}]}}