{"id":57432,"date":"2016-01-10T17:10:00","date_gmt":"2016-01-10T15:10:00","guid":{"rendered":"http:\/\/www.sana.sy\/tr\/?p=57432"},"modified":"2016-01-11T16:33:03","modified_gmt":"2016-01-11T14:33:03","slug":"cokuluslu-ve-hain-teroristlere-karsi-operasyonlar-hava-guclerimizin-desteginde-devam-ediyor","status":"publish","type":"post","link":"https:\/\/archive.sana.sy\/tr\/?p=57432","title":{"rendered":"\u00c7okuluslu ve Hain Ter\u00f6ristlere Kar\u015f\u0131 Operasyonlar Hava G\u00fc\u00e7lerimizin Deste\u011finde Devam Ediyor"},"content":{"rendered":"<p>\u0130LLER \u2013 Ordu birliklerimiz vatan ve halk\u0131n\u0131 duyarl\u0131l\u0131k ve sorumlulukla savunmaya devem ederken hava g\u00fc\u00e7lerimizin deste\u011finde s\u00fcren operasyonlar\u0131nda \u00e7okuluslu tekfirci ve hain ter\u00f6r \u00e7eteleri b\u00fcy\u00fck kay\u0131plara u\u011fratmaya devam ediyor.<\/p>\n<p><span style=\"color: #0000ff\">LAZK\u0130YE:<\/span><\/p>\n<p>Vatan koruyucular\u0131m\u0131z Lazkiye k\u0131rsal\u0131n\u0131n kuzeyinde Erdo\u011fan ve rejiminin destekledikleri \u00e7okuluslu tekfirci ve hain ter\u00f6ristleri say\u0131 ve cephaneleriyle b\u00fcy\u00fck kay\u0131plara u\u011fratmalar\u0131 ard\u0131ndan 867 Tepesi ve Nabii Miro Vadisini bu \u00e7etelerden temizleyip kontrollerine ge\u00e7irdi.<\/p>\n<p><span style=\"color: #0000ff\">DEYREZZOR:<\/span><\/p>\n<p>Askeri kaynak SANA\u2019ya a\u00e7\u0131klamas\u0131nda hava g\u00fc\u00e7lerimizin bug\u00fcn sabah saatlerinde Deyrezzor k\u0131rsal\u0131n\u0131n do\u011fusu ve Cafra K\u00f6y\u00fcn\u00fcn yan\u0131 s\u0131ra Mureyiye ve g\u00fcneyinde I\u015e\u0130D tekfircilerinin mevki ve ara\u00e7lar\u0131n\u0131 imha ettiklerini belirtti. Kaynak operasyonlarda tekfirci \u00f6rg\u00fct\u00fcn say\u0131 ve ter\u00f6r te\u00e7hizatlar\u0131yla b\u00fcy\u00fck kay\u0131plara u\u011frat\u0131ld\u0131\u011f\u0131n\u0131 ifade ederken, a\u011f\u0131r silahlarla donat\u0131lm\u0131\u015f bir\u00e7ok arac\u0131n\u0131n da y\u00fckleriyle birlikte imha edildiklerini s\u00f6zlerine ekledi.<\/p>\n<p>Kaynaklar Meyadin yolunda da I\u015e\u0130D\u2019e ait 20 tankerden olu\u015fan bir ara\u00e7 konvoyunun tamam\u0131yla imha edildi\u011fini ifade ederken, tankerlerin Erdo\u011fan rejiminin deste\u011fi ile T\u00fcrkiye\u2019ye yap\u0131lan \u00e7al\u0131nt\u0131 petrol ticaretinin merkezi say\u0131lan Meyadin Kenti istikametinde seyir ederlerken imha edildiklerine dikkat \u00e7ekti.<\/p>\n<p>Di\u011fer yandan I\u015e\u0130D yanl\u0131s\u0131 medya ara\u00e7lar\u0131 tekfirci ter\u00f6r \u00f6rg\u00fct\u00fcn\u00fcn Deyrezzor k\u0131rsal\u0131n\u0131n do\u011fusu Meyadin Kentinde bariz iki saha komutan\u0131 Ramazan Ezzat el Cevad ve H\u00fcseyin el Avaci\u2019yi tasfiye etti\u011fini belirtti.<\/p>\n<p>Bu arada Deyrezzor\u2019da saha kaynaklar\u0131 top\u00e7u birliklerimizin Cafra B\u00f6lgesi kenarlar\u0131nda I\u015e\u0130D mevkileri ve toplanma yerlerini yo\u011fun ate\u015fe tutmalar\u0131 sonucunda \u00e7ok say\u0131da tekfircinin ara\u00e7 ve silahlar\u0131yla etkisiz hale getirildiklerini aktard\u0131. Ayn\u0131 kaynaklar ordu birliklerimizin il k\u0131rsal\u0131n\u0131n do\u011fusu Serda Da\u011f\u0131 b\u00f6lgesinde siper haz\u0131rlamada kulland\u0131klar\u0131 bir dozeri beraberinde bulunan t\u00fcm ter\u00f6ristlerle birlikte imha ettiklerini s\u00f6zlerine ekledi.<\/p>\n<p><span style=\"color: #0000ff\">HALEP:<\/span><\/p>\n<p>Halep\u2019te ise askeri kaynak T\u00fcrkiye&#8217;de ihvanc\u0131 katil Erdo\u011fan rejimi ve Vahhabi Suud o\u011fullar\u0131 rejiminin destek ve komutalar\u0131nda faaliyet g\u00f6steren ter\u00f6ristlerin b\u00fcy\u00fck kay\u0131plara u\u011frat\u0131ld\u0131klar\u0131n\u0131 s\u00f6yledi.<\/p>\n<p>Ordu birliklerimizin Halep Kentinin yakla\u015f\u0131k 20 km kuzeyine d\u00fc\u015fen Anedan ve Tamura b\u00f6lgelerinde bir\u00e7ok ter\u00f6risti silah ve ara\u00e7lar\u0131yla etkisiz hale getirdiklerini s\u00f6yleyen kaynak; Halep Kentinin 10 km bat\u0131s\u0131 Mansura K\u00f6y\u00fcnde de ter\u00f6ristlerin karargah ve siperlerini top ate\u015fine tutarak onlar\u0131 kay\u0131plara u\u011fratt\u0131klar\u0131n\u0131 aktard\u0131.<\/p>\n<p>Kaynak Halep Kentinin yakla\u015f\u0131k 38 km kuzeydo\u011fusuna d\u00fc\u015fen Ay\u015fe K\u00f6y\u00fcnde de ter\u00f6ristlerin mevki ve karargahlar\u0131n\u0131n hedef al\u0131nmas\u0131yla saflar\u0131nda kay\u0131plara yol a\u00e7\u0131ld\u0131\u011f\u0131n\u0131 s\u00f6zlerine ekledi.<\/p>\n<p>Halep Kentinin sivil yerle\u015fim alanlar\u0131n\u0131 geli\u015fig\u00fczel gaddar f\u00fczelerle hedef alan Beni Zeyd ve Meyser ter\u00f6ristlerinin de a\u011f\u0131r kay\u0131plara u\u011frat\u0131ld\u0131klar\u0131n\u0131 s\u00f6yleyen kaynak; Erdo\u011fan rejiminin destek ve talimatlar\u0131yla faaliyet g\u00f6steren bu \u00e7etelerin d\u00fcn b\u00fcy\u00fck kay\u0131plar verdiklerini itiraf ettiklerine i\u015faret etti.<\/p>\n<p><span style=\"color: #0000ff\">\u0130DL\u0130B:<\/span><\/p>\n<p>Erdo\u011fan rejimi ve Suud o\u011fullar\u0131 rejiminin d\u00fcnyan\u0131n muhtelif \u00fclkelerinden toplay\u0131p Lazkiye, Hama, \u0130dlib ve Halep illerinde \u2018Fetih Ordusu\u2019 ad\u0131n\u0131 verdikleri \u00e7okuluslu tekfirci ve vatan haini ter\u00f6ristlere y\u00f6nelik operasyonlar\u0131n \u0130dlib\u2019te ba\u015far\u0131yla devam etti\u011fini belirten askeri kaynak \u0130dlib Kentinin yakla\u015f\u0131k 70 km g\u00fcneyine d\u00fc\u015fen Han \u015eeyhun ve Serakib kentlerinde karargah ve hareketlerinin hedef al\u0131nd\u0131\u011f\u0131n\u0131 s\u00f6yledi.<\/p>\n<p>Kaynak operasyonlarda bir k\u0131sm\u0131 a\u011f\u0131r silahlarla donat\u0131lm\u0131\u015f \u00e7ok say\u0131da arac\u0131n ta\u015f\u0131d\u0131klar\u0131 ter\u00f6rist ve cephaneyle birlikte imha edildiklerini aktard\u0131.<\/p>\n<p><span style=\"color: #0000ff\">HAMA:<\/span><\/p>\n<p>Bu arada Hama k\u0131rsal\u0131nda yine \u2018T\u00fcrkiye ve Suudi Arabistan rejimlerinin \u00e7okuluslu tekfirci ter\u00f6r \u00e7etelerine y\u00f6nelik operasyonlar\u0131n\u0131 s\u00fcrd\u00fcren hava g\u00fc\u00e7lerimiz il k\u0131rsal\u0131n\u0131n kuzeyi Maerkibbe, Lahaya ve Latamina b\u00f6lgelerinde ara\u00e7 ve karargahlar\u0131n\u0131 muhtevalar\u0131yla imha etti.<\/p>\n<p><span style=\"color: #0000ff\">HOMS:<\/span><\/p>\n<p>\u00d6te yandan Homs k\u0131rsal\u0131n\u0131n do\u011fusu Tedmur Kasabas\u0131n\u0131n 10 km bat\u0131s\u0131na d\u00fc\u015fen Beyyarat B\u00f6lgesi ve Vadi Abyad Baraj\u0131 yak\u0131nlar\u0131nda I\u015e\u0130D yuvalar\u0131 ve ara\u00e7lar\u0131n\u0131 imha eden hava g\u00fc\u00e7lerimiz \u00e7ok say\u0131da ara\u00e7 ve b\u00fcy\u00fck miktarda cephaneyle birlikte bir\u00e7ok tekfirciyi \u00f6ld\u00fcrd\u00fc.<\/p>\n<p>\u0130l k\u0131rsal\u0131n\u0131n g\u00fcneydo\u011fusu Karyeteyn Kenti ve Mhin Beldesinin do\u011fusunda ise ordu birliklerimiz I\u015e\u0130D\u2019e ait cephane y\u00fckl\u00fc bir\u00e7ok arac\u0131n yan\u0131 s\u0131ra tekfircilerin yuvalar\u0131n\u0131 muhtevalar\u0131yla imha etti.<\/p>\n<p>Ordu birliklerimiz civar b\u00f6lgeleri ter\u00f6rden temizleyip kontrollerine ge\u00e7irmeleri ard\u0131ndan Karyeteyn Kenti kenarlar\u0131nda I\u015e\u0130D tekfircileriyle \u015fiddetli \u00e7at\u0131\u015fmalara girdi.<\/p>\n<p>Homs Kentinin yakla\u015f\u0131k 7 km kuzeyi Terymale K\u00f6y\u00fcnde Nusra Cephesinin siper, karargah ve cephane depolar\u0131n\u0131 imha eden hava g\u00fc\u00e7lerimiz burada da Kaide \u00d6rg\u00fct\u00fcn\u00fcn Suriye kolu olan tekfirci \u00e7eteleri b\u00fcy\u00fck kay\u0131plara u\u011fratt\u0131.<\/p>\n<p><span style=\"color: #0000ff\">DERA:<\/span><\/p>\n<p>SANA\u2019ya a\u00e7\u0131klama yapan askeri kaynak ordu birliklerimizin Dera\u2019da \u0130srail\u2019in destekledi\u011fi Nusra Cephesi ve \u015femsiyesi alt\u0131ndaki di\u011fer ter\u00f6r \u00f6rg\u00fctleri say\u0131 ve cephaneleriyle a\u011f\u0131r kay\u0131plara u\u011fratmaya devam ettiklerini belirtirken; Dera Mahata\u2019nin bir\u00e7ok b\u00f6lgesinde karargah, cephane depolar\u0131 ve ara\u00e7lar\u0131n\u0131 imha ettiklerini s\u00f6yledi.<\/p>\n<p>Bu arada ter\u00f6r \u00e7eteleri medya ara\u00e7lar\u0131nda \u00e7ok say\u0131da \u00f6l\u00fc ter\u00f6ristin kimli\u011fini a\u00e7\u0131klad\u0131.<\/p>\n","protected":false},"excerpt":{"rendered":"<p>\u0130LLER \u2013 Ordu birliklerimiz vatan ve halk\u0131n\u0131 duyarl\u0131l\u0131k ve sorumlulukla savunmaya devem ederken hava g\u00fc\u00e7lerimizin deste\u011finde s\u00fcren operasyonlar\u0131nda \u00e7okuluslu tekfirci ve hain ter\u00f6r \u00e7eteleri b\u00fcy\u00fck kay\u0131plara u\u011fratmaya devam ediyor. LAZK\u0130YE: Vatan koruyucular\u0131m\u0131z Lazkiye k\u0131rsal\u0131n\u0131n kuzeyinde Erdo\u011fan ve rejiminin destekledikleri \u00e7okuluslu tekfirci ve hain ter\u00f6ristleri say\u0131 ve cephaneleriyle b\u00fcy\u00fck kay\u0131plara u\u011fratmalar\u0131 ard\u0131ndan 867 Tepesi ve Nabii &hellip;<\/p>\n","protected":false},"author":1,"featured_media":57450,"comment_status":"closed","ping_status":"closed","sticky":false,"template":"","format":"standard","meta":{"footnotes":""},"categories":[575],"tags":[3464,18237,18329,9401,2318,18468,2576],"class_list":["post-57432","post","type-post","status-publish","format-standard","has-post-thumbnail","","category-olaylar-ve-gercekler","tag-nusra-cephesi","tag-cihatcilar","tag-dais","tag-erdogan","tag-isid","tag-ordu","tag-terorist"],"_links":{"self":[{"href":"https:\/\/archive.sana.sy\/tr\/index.php?rest_route=\/wp\/v2\/posts\/57432","targetHints":{"allow":["GET"]}}],"collection":[{"href":"https:\/\/archive.sana.sy\/tr\/index.php?rest_route=\/wp\/v2\/posts"}],"about":[{"href":"https:\/\/archive.sana.sy\/tr\/index.php?rest_route=\/wp\/v2\/types\/post"}],"author":[{"embeddable":true,"href":"https:\/\/archive.sana.sy\/tr\/index.php?rest_route=\/wp\/v2\/users\/1"}],"replies":[{"embeddable":true,"href":"https:\/\/archive.sana.sy\/tr\/index.php?rest_route=%2Fwp%2Fv2%2Fcomments&post=57432"}],"version-history":[{"count":0,"href":"https:\/\/archive.sana.sy\/tr\/index.php?rest_route=\/wp\/v2\/posts\/57432\/revisions"}],"wp:featuredmedia":[{"embeddable":true,"href":"https:\/\/archive.sana.sy\/tr\/index.php?rest_route=\/wp\/v2\/media\/57450"}],"wp:attachment":[{"href":"https:\/\/archive.sana.sy\/tr\/index.php?rest_route=%2Fwp%2Fv2%2Fmedia&parent=57432"}],"wp:term":[{"taxonomy":"category","embeddable":true,"href":"https:\/\/archive.sana.sy\/tr\/index.php?rest_route=%2Fwp%2Fv2%2Fcategories&post=57432"},{"taxonomy":"post_tag","embeddable":true,"href":"https:\/\/archive.sana.sy\/tr\/index.php?rest_route=%2Fwp%2Fv2%2Ftags&post=57432"}],"curies":[{"name":"wp","href":"https:\/\/api.w.org\/{rel}","templated":true}]}}