{"id":57434,"date":"2016-01-10T13:20:26","date_gmt":"2016-01-10T11:20:26","guid":{"rendered":"http:\/\/www.sana.sy\/tr\/?p=57434"},"modified":"2016-01-10T13:20:26","modified_gmt":"2016-01-10T11:20:26","slug":"iran-listelere-son-rotuslari-yapiyor","status":"publish","type":"post","link":"https:\/\/archive.sana.sy\/tr\/?p=57434","title":{"rendered":"\u0130ran Listelere Son R\u00f6tu\u015flar\u0131 Yap\u0131yor"},"content":{"rendered":"<p>TAHRAN \u2013 \u0130ran D\u0131\u015fi\u015fleri Bakanl\u0131\u011f\u0131 S\u00f6zc\u00fcs\u00fc H\u00fcseyin Cabir Ansari \u0130ran\u2019\u0131n; Suriye&#8217;ye ili\u015fkin uluslar aras\u0131 grubun d\u00fczenlemesi beklenen toplant\u0131ya sunmak \u00fczere Suriye&#8217;de mevcut ter\u00f6r \u00f6rg\u00fctleri listesi ve muhalefet listesi haz\u0131rlamaya \u00e7al\u0131\u015ft\u0131\u011f\u0131n\u0131 ilan etti.<\/p>\n<p>\u0130ranl\u0131 Isna Haber Ajans\u0131na yapt\u0131\u011f\u0131 a\u00e7\u0131klamada Ansari; ilgili yetkililer taraf\u0131ndan ter\u00f6r \u00f6rg\u00fctleri ve muhalefet temsilcileri ad\u0131 alt\u0131nda iki listenin haz\u0131rland\u0131\u011f\u0131n\u0131, \u0130ran\u2019\u0131n da \u015fu an bu listelere son r\u00f6tu\u015flar\u0131 yapmakta oldu\u011funu s\u00f6yledi. Ansari \u00fclkesinin, \u00dcrd\u00fcn\u2019\u00fcn uluslar aras\u0131 grubun \u00fc\u00e7\u00fcnc\u00fc toplant\u0131s\u0131nda ayn\u0131 hedefte takdim etti\u011fi listeleri protesto etti\u011fine dikkat \u00e7ekti.<\/p>\n<p>Suriye krizinde etkin taraflar\u0131n muhalefet temsilcileri ve ter\u00f6r \u00f6rg\u00fctleri listeleri haz\u0131rlayacaklar\u0131na i\u015faret eden Ansari; herkesin \u00fcst\u00fcne anla\u015faca\u011f\u0131 listelerin haz\u0131rlanmas\u0131 ard\u0131ndan Suriyeliler aras\u0131nda en k\u0131sa s\u00fcre i\u00e7inde diyalog g\u00f6r\u00fc\u015fmelerinin ba\u015flayaca\u011f\u0131n\u0131 belirtti.<\/p>\n","protected":false},"excerpt":{"rendered":"<p>TAHRAN \u2013 \u0130ran D\u0131\u015fi\u015fleri Bakanl\u0131\u011f\u0131 S\u00f6zc\u00fcs\u00fc H\u00fcseyin Cabir Ansari \u0130ran\u2019\u0131n; Suriye&#8217;ye ili\u015fkin uluslar aras\u0131 grubun d\u00fczenlemesi beklenen toplant\u0131ya sunmak \u00fczere Suriye&#8217;de mevcut ter\u00f6r \u00f6rg\u00fctleri listesi ve muhalefet listesi haz\u0131rlamaya \u00e7al\u0131\u015ft\u0131\u011f\u0131n\u0131 ilan etti. \u0130ranl\u0131 Isna Haber Ajans\u0131na yapt\u0131\u011f\u0131 a\u00e7\u0131klamada Ansari; ilgili yetkililer taraf\u0131ndan ter\u00f6r \u00f6rg\u00fctleri ve muhalefet temsilcileri ad\u0131 alt\u0131nda iki listenin haz\u0131rland\u0131\u011f\u0131n\u0131, \u0130ran\u2019\u0131n da \u015fu &hellip;<\/p>\n","protected":false},"author":1,"featured_media":57435,"comment_status":"closed","ping_status":"closed","sticky":false,"template":"","format":"standard","meta":{"footnotes":""},"categories":[458,459,17988],"tags":[18464,18463],"class_list":["post-57434","post","type-post","status-publish","format-standard","has-post-thumbnail","","category-dunya1","category-haberler-arap-uluslararasi-politika","category-son-haberler","tag-huseyin-cabir-ansari","tag-iran-disisleri-bakanligi-sozcusu"],"_links":{"self":[{"href":"https:\/\/archive.sana.sy\/tr\/index.php?rest_route=\/wp\/v2\/posts\/57434","targetHints":{"allow":["GET"]}}],"collection":[{"href":"https:\/\/archive.sana.sy\/tr\/index.php?rest_route=\/wp\/v2\/posts"}],"about":[{"href":"https:\/\/archive.sana.sy\/tr\/index.php?rest_route=\/wp\/v2\/types\/post"}],"author":[{"embeddable":true,"href":"https:\/\/archive.sana.sy\/tr\/index.php?rest_route=\/wp\/v2\/users\/1"}],"replies":[{"embeddable":true,"href":"https:\/\/archive.sana.sy\/tr\/index.php?rest_route=%2Fwp%2Fv2%2Fcomments&post=57434"}],"version-history":[{"count":0,"href":"https:\/\/archive.sana.sy\/tr\/index.php?rest_route=\/wp\/v2\/posts\/57434\/revisions"}],"wp:featuredmedia":[{"embeddable":true,"href":"https:\/\/archive.sana.sy\/tr\/index.php?rest_route=\/wp\/v2\/media\/57435"}],"wp:attachment":[{"href":"https:\/\/archive.sana.sy\/tr\/index.php?rest_route=%2Fwp%2Fv2%2Fmedia&parent=57434"}],"wp:term":[{"taxonomy":"category","embeddable":true,"href":"https:\/\/archive.sana.sy\/tr\/index.php?rest_route=%2Fwp%2Fv2%2Fcategories&post=57434"},{"taxonomy":"post_tag","embeddable":true,"href":"https:\/\/archive.sana.sy\/tr\/index.php?rest_route=%2Fwp%2Fv2%2Ftags&post=57434"}],"curies":[{"name":"wp","href":"https:\/\/api.w.org\/{rel}","templated":true}]}}