{"id":57447,"date":"2016-01-10T13:40:31","date_gmt":"2016-01-10T11:40:31","guid":{"rendered":"http:\/\/www.sana.sy\/tr\/?p=57447"},"modified":"2016-01-10T13:44:01","modified_gmt":"2016-01-10T11:44:01","slug":"aralarinda-komutanlarin-bulundugu-kayiplarini-itiraf-ettiler","status":"publish","type":"post","link":"https:\/\/archive.sana.sy\/tr\/?p=57447","title":{"rendered":"Aralar\u0131nda Komutanlar\u0131n Bulundu\u011fu Kay\u0131plar\u0131n\u0131 \u0130tiraf Ettiler"},"content":{"rendered":"<p>\u0130LLER \u2013 T\u00fcrkiye&#8217;de Erdo\u011fan rejimi ve Suudi rejiminin destek ve komutas\u0131yla \u0130dlib ve Hama illerinde faaliyet g\u00f6steren \u00e7okuluslu tekfirci ter\u00f6r \u00e7eteleri aralar\u0131nda tehlikeli eleba\u015flar\u0131n bulundu\u011fu 16 ter\u00f6ristin \u00f6ld\u00fcklerini itiraf etti.<\/p>\n<p>Tekfirci ter\u00f6r \u00e7eteleri medya ara\u00e7lar\u0131nda Hama Kentinin 30 km kuzeyine d\u00fc\u015fen Morik Beldesinde aralar\u0131nda Cund el Aksa \u00e7etelerinin saha komutanlar\u0131ndan Muhammed Fayiz el H\u00fcseyin ve daha ba\u015fka bariz isimlerin bulundu\u011fu 14 ter\u00f6ristin \u00f6ld\u00fcklerini a\u00e7\u0131klad\u0131.<\/p>\n<p>Ter\u00f6r \u00e7eteleri ayr\u0131ca \u0130dlib ilinin Cebel el Zaviye B\u00f6lgesinde Eblin \u2013 Ebdiyta yolu \u00fczerinde Ahrar el \u015eam \u0130slami Hareketinin bariz komutanlar\u0131ndan Abdo F\u0131ttiyn el Cezzar\u2019\u0131n \u00f6ld\u00fc\u011f\u00fcn\u00fc ifade etti.<\/p>\n<p>R.H.<\/p>\n","protected":false},"excerpt":{"rendered":"<p>\u0130LLER \u2013 T\u00fcrkiye&#8217;de Erdo\u011fan rejimi ve Suudi rejiminin destek ve komutas\u0131yla \u0130dlib ve Hama illerinde faaliyet g\u00f6steren \u00e7okuluslu tekfirci ter\u00f6r \u00e7eteleri aralar\u0131nda tehlikeli eleba\u015flar\u0131n bulundu\u011fu 16 ter\u00f6ristin \u00f6ld\u00fcklerini itiraf etti. Tekfirci ter\u00f6r \u00e7eteleri medya ara\u00e7lar\u0131nda Hama Kentinin 30 km kuzeyine d\u00fc\u015fen Morik Beldesinde aralar\u0131nda Cund el Aksa \u00e7etelerinin saha komutanlar\u0131ndan Muhammed Fayiz el H\u00fcseyin ve &hellip;<\/p>\n","protected":false},"author":1,"featured_media":57449,"comment_status":"closed","ping_status":"closed","sticky":false,"template":"","format":"standard","meta":{"footnotes":""},"categories":[479,575,17988,478],"tags":[18467,2576],"class_list":["post-57447","post","type-post","status-publish","format-standard","has-post-thumbnail","","category-haberler-yerel","category-olaylar-ve-gercekler","category-son-haberler","category-yerel","tag-tekfirc","tag-terorist"],"_links":{"self":[{"href":"https:\/\/archive.sana.sy\/tr\/index.php?rest_route=\/wp\/v2\/posts\/57447","targetHints":{"allow":["GET"]}}],"collection":[{"href":"https:\/\/archive.sana.sy\/tr\/index.php?rest_route=\/wp\/v2\/posts"}],"about":[{"href":"https:\/\/archive.sana.sy\/tr\/index.php?rest_route=\/wp\/v2\/types\/post"}],"author":[{"embeddable":true,"href":"https:\/\/archive.sana.sy\/tr\/index.php?rest_route=\/wp\/v2\/users\/1"}],"replies":[{"embeddable":true,"href":"https:\/\/archive.sana.sy\/tr\/index.php?rest_route=%2Fwp%2Fv2%2Fcomments&post=57447"}],"version-history":[{"count":0,"href":"https:\/\/archive.sana.sy\/tr\/index.php?rest_route=\/wp\/v2\/posts\/57447\/revisions"}],"wp:featuredmedia":[{"embeddable":true,"href":"https:\/\/archive.sana.sy\/tr\/index.php?rest_route=\/wp\/v2\/media\/57449"}],"wp:attachment":[{"href":"https:\/\/archive.sana.sy\/tr\/index.php?rest_route=%2Fwp%2Fv2%2Fmedia&parent=57447"}],"wp:term":[{"taxonomy":"category","embeddable":true,"href":"https:\/\/archive.sana.sy\/tr\/index.php?rest_route=%2Fwp%2Fv2%2Fcategories&post=57447"},{"taxonomy":"post_tag","embeddable":true,"href":"https:\/\/archive.sana.sy\/tr\/index.php?rest_route=%2Fwp%2Fv2%2Ftags&post=57447"}],"curies":[{"name":"wp","href":"https:\/\/api.w.org\/{rel}","templated":true}]}}