{"id":57452,"date":"2016-01-10T15:01:46","date_gmt":"2016-01-10T13:01:46","guid":{"rendered":"http:\/\/www.sana.sy\/tr\/?p=57452"},"modified":"2016-01-11T16:36:00","modified_gmt":"2016-01-11T14:36:00","slug":"ortaklik-kanunnamesi-onaylandi","status":"publish","type":"post","link":"https:\/\/archive.sana.sy\/tr\/?p=57452","title":{"rendered":"Ortakl\u0131k Kanunnamesi Onayland\u0131"},"content":{"rendered":"<p><span style=\"line-height: 1.5\">\u015eAM \u2013 Cumhurba\u015fkan\u0131 Be\u015f\u015far el Esad bug\u00fcn kamu ve \u00f6zel sekt\u00f6r ortakl\u0131\u011f\u0131na ili\u015fkin 2016\/5 say\u0131l\u0131 kanunnameyi onaylad\u0131.<\/span><\/p>\n<p><span style=\"line-height: 1.5\">Halk Meclisinin tart\u0131\u015f\u0131p onaylamas\u0131 \u00fczerinden Cumhurba\u015fkan\u0131na sek etti\u011fi kanunname vatanda\u015flara verilen hizmetlerin \u00f6zel sekt\u00f6r\u00fcn destek ve olanaklar\u0131yla nitelik ve nicelik a\u00e7\u0131s\u0131ndan geli\u015ftirilmesini ama\u00e7l\u0131yor.<\/span><\/p>\n","protected":false},"excerpt":{"rendered":"<p>\u015eAM \u2013 Cumhurba\u015fkan\u0131 Be\u015f\u015far el Esad bug\u00fcn kamu ve \u00f6zel sekt\u00f6r ortakl\u0131\u011f\u0131na ili\u015fkin 2016\/5 say\u0131l\u0131 kanunnameyi onaylad\u0131. Halk Meclisinin tart\u0131\u015f\u0131p onaylamas\u0131 \u00fczerinden Cumhurba\u015fkan\u0131na sek etti\u011fi kanunname vatanda\u015flara verilen hizmetlerin \u00f6zel sekt\u00f6r\u00fcn destek ve olanaklar\u0131yla nitelik ve nicelik a\u00e7\u0131s\u0131ndan geli\u015ftirilmesini ama\u00e7l\u0131yor.<\/p>\n","protected":false},"author":1,"featured_media":57455,"comment_status":"closed","ping_status":"closed","sticky":false,"template":"","format":"standard","meta":{"footnotes":""},"categories":[485,486,605,17988,612,599],"tags":[17256,8767,18471,18469,18470],"class_list":["post-57452","post","type-post","status-publish","format-standard","has-post-thumbnail","","category-is-ve-sermaye","category-haberler-is-ve-sermaye","category-sayin-cumhurbaskani","category-son-haberler","category-yasama-kararnameler","category-yasama-ve-kanunlar","tag-bessar-el-esad","tag-cumhurbaskani","tag-kamu-ozel-ortakligi","tag-kamu-sektoru","tag-ozel-sektor"],"_links":{"self":[{"href":"https:\/\/archive.sana.sy\/tr\/index.php?rest_route=\/wp\/v2\/posts\/57452","targetHints":{"allow":["GET"]}}],"collection":[{"href":"https:\/\/archive.sana.sy\/tr\/index.php?rest_route=\/wp\/v2\/posts"}],"about":[{"href":"https:\/\/archive.sana.sy\/tr\/index.php?rest_route=\/wp\/v2\/types\/post"}],"author":[{"embeddable":true,"href":"https:\/\/archive.sana.sy\/tr\/index.php?rest_route=\/wp\/v2\/users\/1"}],"replies":[{"embeddable":true,"href":"https:\/\/archive.sana.sy\/tr\/index.php?rest_route=%2Fwp%2Fv2%2Fcomments&post=57452"}],"version-history":[{"count":0,"href":"https:\/\/archive.sana.sy\/tr\/index.php?rest_route=\/wp\/v2\/posts\/57452\/revisions"}],"wp:featuredmedia":[{"embeddable":true,"href":"https:\/\/archive.sana.sy\/tr\/index.php?rest_route=\/wp\/v2\/media\/57455"}],"wp:attachment":[{"href":"https:\/\/archive.sana.sy\/tr\/index.php?rest_route=%2Fwp%2Fv2%2Fmedia&parent=57452"}],"wp:term":[{"taxonomy":"category","embeddable":true,"href":"https:\/\/archive.sana.sy\/tr\/index.php?rest_route=%2Fwp%2Fv2%2Fcategories&post=57452"},{"taxonomy":"post_tag","embeddable":true,"href":"https:\/\/archive.sana.sy\/tr\/index.php?rest_route=%2Fwp%2Fv2%2Ftags&post=57452"}],"curies":[{"name":"wp","href":"https:\/\/api.w.org\/{rel}","templated":true}]}}