{"id":57462,"date":"2016-01-10T15:45:17","date_gmt":"2016-01-10T13:45:17","guid":{"rendered":"http:\/\/www.sana.sy\/tr\/?p=57462"},"modified":"2016-01-10T15:51:51","modified_gmt":"2016-01-10T13:51:51","slug":"iran-disisleri-bakani-muhammed-cevat-zarif-bugun-bm-suriye-ozel-temsilcisi-staffan-de-mistura-ile-bir-araya-gelerek-suriyeliler-arasinda-diyalogun-baslatilmasi-amaciyla-cenevrede-yapilmasi-b","status":"publish","type":"post","link":"https:\/\/archive.sana.sy\/tr\/?p=57462","title":{"rendered":"\u0130ran D\u0131\u015fi\u015fleri Bakan\u0131 Muhammed Cevat Zarif bug\u00fcn BM Suriye \u00f6zel temsilcisi Staffan de Mistura ile bir araya gelerek; Suriyeliler aras\u0131nda diyalogun ba\u015flat\u0131lmas\u0131 amac\u0131yla Cenevre\u2019de yap\u0131lmas\u0131 beklenen g\u00f6r\u00fc\u015fmelere yap\u0131lan haz\u0131rl\u0131\u011f\u0131 masaya yat\u0131rd\u0131"},"content":{"rendered":"<p>\u0130ran D\u0131\u015fi\u015fleri Bakan\u0131 Muhammed Cevat Zarif bug\u00fcn BM Suriye \u00f6zel temsilcisi Staffan de Mistura ile bir araya gelerek; Suriyeliler aras\u0131nda diyalogun ba\u015flat\u0131lmas\u0131 amac\u0131yla Cenevre\u2019de yap\u0131lmas\u0131 beklenen g\u00f6r\u00fc\u015fmelere yap\u0131lan haz\u0131rl\u0131\u011f\u0131 masaya yat\u0131rd\u0131<\/p>\n","protected":false},"excerpt":{"rendered":"<p>\u0130ran D\u0131\u015fi\u015fleri Bakan\u0131 Muhammed Cevat Zarif bug\u00fcn BM Suriye \u00f6zel temsilcisi Staffan de Mistura ile bir araya gelerek; Suriyeliler aras\u0131nda diyalogun ba\u015flat\u0131lmas\u0131 amac\u0131yla Cenevre\u2019de yap\u0131lmas\u0131 beklenen g\u00f6r\u00fc\u015fmelere yap\u0131lan haz\u0131rl\u0131\u011f\u0131 masaya yat\u0131rd\u0131<\/p>\n","protected":false},"author":1,"featured_media":0,"comment_status":"closed","ping_status":"closed","sticky":false,"template":"","format":"standard","meta":{"footnotes":""},"categories":[17991],"tags":[],"class_list":["post-57462","post","type-post","status-publish","format-standard","","category-son-dakika"],"_links":{"self":[{"href":"https:\/\/archive.sana.sy\/tr\/index.php?rest_route=\/wp\/v2\/posts\/57462","targetHints":{"allow":["GET"]}}],"collection":[{"href":"https:\/\/archive.sana.sy\/tr\/index.php?rest_route=\/wp\/v2\/posts"}],"about":[{"href":"https:\/\/archive.sana.sy\/tr\/index.php?rest_route=\/wp\/v2\/types\/post"}],"author":[{"embeddable":true,"href":"https:\/\/archive.sana.sy\/tr\/index.php?rest_route=\/wp\/v2\/users\/1"}],"replies":[{"embeddable":true,"href":"https:\/\/archive.sana.sy\/tr\/index.php?rest_route=%2Fwp%2Fv2%2Fcomments&post=57462"}],"version-history":[{"count":0,"href":"https:\/\/archive.sana.sy\/tr\/index.php?rest_route=\/wp\/v2\/posts\/57462\/revisions"}],"wp:attachment":[{"href":"https:\/\/archive.sana.sy\/tr\/index.php?rest_route=%2Fwp%2Fv2%2Fmedia&parent=57462"}],"wp:term":[{"taxonomy":"category","embeddable":true,"href":"https:\/\/archive.sana.sy\/tr\/index.php?rest_route=%2Fwp%2Fv2%2Fcategories&post=57462"},{"taxonomy":"post_tag","embeddable":true,"href":"https:\/\/archive.sana.sy\/tr\/index.php?rest_route=%2Fwp%2Fv2%2Ftags&post=57462"}],"curies":[{"name":"wp","href":"https:\/\/api.w.org\/{rel}","templated":true}]}}