{"id":57466,"date":"2016-01-10T15:55:04","date_gmt":"2016-01-10T13:55:04","guid":{"rendered":"http:\/\/www.sana.sy\/tr\/?p=57466"},"modified":"2016-01-10T15:53:57","modified_gmt":"2016-01-10T13:53:57","slug":"de-misturanin-bu-amacli-bolge-tutunda-bulundugu-gorusmeler-ve-sonuclarinin-da-ele-alindigi-gorusmede-zarif-suudi-arabistanin-suriyedeki-krizin-siyasi-cozumunu-engelleme-amaciyla-b","status":"publish","type":"post","link":"https:\/\/archive.sana.sy\/tr\/?p=57466","title":{"rendered":"De Mistura\u2019n\u0131n bu ama\u00e7l\u0131 b\u00f6lge tutunda bulundu\u011fu g\u00f6r\u00fc\u015fmeler ve sonu\u00e7lar\u0131n\u0131n da ele al\u0131nd\u0131\u011f\u0131 g\u00f6r\u00fc\u015fmede Zarif; Suudi Arabistan\u2019\u0131n Suriye&#8217;deki krizin siyasi \u00e7\u00f6z\u00fcm\u00fcn\u00fc engelleme amac\u0131yla b\u00f6lgede gerginli\u011fi t\u0131rmand\u0131rmaya \u00e7al\u0131\u015ft\u0131\u011f\u0131na dikkat \u00e7ekti"},"content":{"rendered":"<p>De Mistura\u2019n\u0131n bu ama\u00e7l\u0131 b\u00f6lge tutunda bulundu\u011fu g\u00f6r\u00fc\u015fmeler ve sonu\u00e7lar\u0131n\u0131n da ele al\u0131nd\u0131\u011f\u0131 g\u00f6r\u00fc\u015fmede Zarif; Suudi Arabistan\u2019\u0131n Suriye&#8217;deki krizin siyasi \u00e7\u00f6z\u00fcm\u00fcn\u00fc engelleme amac\u0131yla b\u00f6lgede gerginli\u011fi t\u0131rmand\u0131rmaya \u00e7al\u0131\u015ft\u0131\u011f\u0131na dikkat \u00e7ekti<\/p>\n","protected":false},"excerpt":{"rendered":"<p>De Mistura\u2019n\u0131n bu ama\u00e7l\u0131 b\u00f6lge tutunda bulundu\u011fu g\u00f6r\u00fc\u015fmeler ve sonu\u00e7lar\u0131n\u0131n da ele al\u0131nd\u0131\u011f\u0131 g\u00f6r\u00fc\u015fmede Zarif; Suudi Arabistan\u2019\u0131n Suriye&#8217;deki krizin siyasi \u00e7\u00f6z\u00fcm\u00fcn\u00fc engelleme amac\u0131yla b\u00f6lgede gerginli\u011fi t\u0131rmand\u0131rmaya \u00e7al\u0131\u015ft\u0131\u011f\u0131na dikkat \u00e7ekti<\/p>\n","protected":false},"author":1,"featured_media":0,"comment_status":"closed","ping_status":"closed","sticky":false,"template":"","format":"standard","meta":{"footnotes":""},"categories":[17991],"tags":[],"class_list":["post-57466","post","type-post","status-publish","format-standard","","category-son-dakika"],"_links":{"self":[{"href":"https:\/\/archive.sana.sy\/tr\/index.php?rest_route=\/wp\/v2\/posts\/57466","targetHints":{"allow":["GET"]}}],"collection":[{"href":"https:\/\/archive.sana.sy\/tr\/index.php?rest_route=\/wp\/v2\/posts"}],"about":[{"href":"https:\/\/archive.sana.sy\/tr\/index.php?rest_route=\/wp\/v2\/types\/post"}],"author":[{"embeddable":true,"href":"https:\/\/archive.sana.sy\/tr\/index.php?rest_route=\/wp\/v2\/users\/1"}],"replies":[{"embeddable":true,"href":"https:\/\/archive.sana.sy\/tr\/index.php?rest_route=%2Fwp%2Fv2%2Fcomments&post=57466"}],"version-history":[{"count":0,"href":"https:\/\/archive.sana.sy\/tr\/index.php?rest_route=\/wp\/v2\/posts\/57466\/revisions"}],"wp:attachment":[{"href":"https:\/\/archive.sana.sy\/tr\/index.php?rest_route=%2Fwp%2Fv2%2Fmedia&parent=57466"}],"wp:term":[{"taxonomy":"category","embeddable":true,"href":"https:\/\/archive.sana.sy\/tr\/index.php?rest_route=%2Fwp%2Fv2%2Fcategories&post=57466"},{"taxonomy":"post_tag","embeddable":true,"href":"https:\/\/archive.sana.sy\/tr\/index.php?rest_route=%2Fwp%2Fv2%2Ftags&post=57466"}],"curies":[{"name":"wp","href":"https:\/\/api.w.org\/{rel}","templated":true}]}}