{"id":57468,"date":"2016-01-10T16:00:42","date_gmt":"2016-01-10T14:00:42","guid":{"rendered":"http:\/\/www.sana.sy\/tr\/?p=57468"},"modified":"2016-01-10T15:56:46","modified_gmt":"2016-01-10T13:56:46","slug":"zarif-suudi-rejiminin-suriyede-siyasi-cozum-surecini-aksatmasi-ve-suriyeliler-arasinda-diyalogun-baslatilmasini-engellemesine-izin-verilmeyecegini-belirtti","status":"publish","type":"post","link":"https:\/\/archive.sana.sy\/tr\/?p=57468","title":{"rendered":"Zarif Suudi rejiminin Suriye&#8217;de siyasi \u00e7\u00f6z\u00fcm s\u00fcrecini aksatmas\u0131 ve Suriyeliler aras\u0131nda diyalogun ba\u015flat\u0131lmas\u0131n\u0131 engellemesine izin verilmeyece\u011fini belirtti"},"content":{"rendered":"<p>Zarif Suudi rejiminin Suriye&#8217;de siyasi \u00e7\u00f6z\u00fcm s\u00fcrecini aksatmas\u0131 ve Suriyeliler aras\u0131nda diyalogun ba\u015flat\u0131lmas\u0131n\u0131 engellemesine izin verilmeyece\u011fini belirtti<\/p>\n","protected":false},"excerpt":{"rendered":"<p>Zarif Suudi rejiminin Suriye&#8217;de siyasi \u00e7\u00f6z\u00fcm s\u00fcrecini aksatmas\u0131 ve Suriyeliler aras\u0131nda diyalogun ba\u015flat\u0131lmas\u0131n\u0131 engellemesine izin verilmeyece\u011fini belirtti<\/p>\n","protected":false},"author":1,"featured_media":0,"comment_status":"closed","ping_status":"closed","sticky":false,"template":"","format":"standard","meta":{"footnotes":""},"categories":[17991],"tags":[],"class_list":["post-57468","post","type-post","status-publish","format-standard","","category-son-dakika"],"_links":{"self":[{"href":"https:\/\/archive.sana.sy\/tr\/index.php?rest_route=\/wp\/v2\/posts\/57468","targetHints":{"allow":["GET"]}}],"collection":[{"href":"https:\/\/archive.sana.sy\/tr\/index.php?rest_route=\/wp\/v2\/posts"}],"about":[{"href":"https:\/\/archive.sana.sy\/tr\/index.php?rest_route=\/wp\/v2\/types\/post"}],"author":[{"embeddable":true,"href":"https:\/\/archive.sana.sy\/tr\/index.php?rest_route=\/wp\/v2\/users\/1"}],"replies":[{"embeddable":true,"href":"https:\/\/archive.sana.sy\/tr\/index.php?rest_route=%2Fwp%2Fv2%2Fcomments&post=57468"}],"version-history":[{"count":0,"href":"https:\/\/archive.sana.sy\/tr\/index.php?rest_route=\/wp\/v2\/posts\/57468\/revisions"}],"wp:attachment":[{"href":"https:\/\/archive.sana.sy\/tr\/index.php?rest_route=%2Fwp%2Fv2%2Fmedia&parent=57468"}],"wp:term":[{"taxonomy":"category","embeddable":true,"href":"https:\/\/archive.sana.sy\/tr\/index.php?rest_route=%2Fwp%2Fv2%2Fcategories&post=57468"},{"taxonomy":"post_tag","embeddable":true,"href":"https:\/\/archive.sana.sy\/tr\/index.php?rest_route=%2Fwp%2Fv2%2Ftags&post=57468"}],"curies":[{"name":"wp","href":"https:\/\/api.w.org\/{rel}","templated":true}]}}