{"id":57473,"date":"2016-01-10T16:50:57","date_gmt":"2016-01-10T14:50:57","guid":{"rendered":"http:\/\/www.sana.sy\/tr\/?p=57473"},"modified":"2016-01-10T16:50:57","modified_gmt":"2016-01-10T14:50:57","slug":"vatan-koruyucularimiz-lazkiye-kirsalinin-kuzeyinde-erdogan-ve-rejiminin-destekledikleri-cokuluslu-tekfirci-ve-hain-teroristleri-sayi-ve-cephaneleriyle-buyuk-kayiplara-ugratmalari-ardindan-867-tepesi-v","status":"publish","type":"post","link":"https:\/\/archive.sana.sy\/tr\/?p=57473","title":{"rendered":"Vatan koruyucular\u0131m\u0131z Lazkiye k\u0131rsal\u0131n\u0131n kuzeyinde Erdo\u011fan ve rejiminin destekledikleri \u00e7okuluslu tekfirci ve hain ter\u00f6ristleri say\u0131 ve cephaneleriyle b\u00fcy\u00fck kay\u0131plara u\u011fratmalar\u0131 ard\u0131ndan 867 Tepesi ve Nabii Miro Vadisini bu \u00e7etelerden temizleyip kontrollerine ge\u00e7irdi"},"content":{"rendered":"<p>Vatan koruyucular\u0131m\u0131z Lazkiye k\u0131rsal\u0131n\u0131n kuzeyinde Erdo\u011fan ve rejiminin destekledikleri \u00e7okuluslu tekfirci ve hain ter\u00f6ristleri say\u0131 ve cephaneleriyle b\u00fcy\u00fck kay\u0131plara u\u011fratmalar\u0131 ard\u0131ndan 867 Tepesi ve Nabii Miro Vadisini bu \u00e7etelerden temizleyip kontrollerine ge\u00e7irdi<\/p>\n","protected":false},"excerpt":{"rendered":"<p>Vatan koruyucular\u0131m\u0131z Lazkiye k\u0131rsal\u0131n\u0131n kuzeyinde Erdo\u011fan ve rejiminin destekledikleri \u00e7okuluslu tekfirci ve hain ter\u00f6ristleri say\u0131 ve cephaneleriyle b\u00fcy\u00fck kay\u0131plara u\u011fratmalar\u0131 ard\u0131ndan 867 Tepesi ve Nabii Miro Vadisini bu \u00e7etelerden temizleyip kontrollerine ge\u00e7irdi<\/p>\n","protected":false},"author":1,"featured_media":0,"comment_status":"closed","ping_status":"closed","sticky":false,"template":"","format":"standard","meta":{"footnotes":""},"categories":[17991],"tags":[],"class_list":["post-57473","post","type-post","status-publish","format-standard","","category-son-dakika"],"_links":{"self":[{"href":"https:\/\/archive.sana.sy\/tr\/index.php?rest_route=\/wp\/v2\/posts\/57473","targetHints":{"allow":["GET"]}}],"collection":[{"href":"https:\/\/archive.sana.sy\/tr\/index.php?rest_route=\/wp\/v2\/posts"}],"about":[{"href":"https:\/\/archive.sana.sy\/tr\/index.php?rest_route=\/wp\/v2\/types\/post"}],"author":[{"embeddable":true,"href":"https:\/\/archive.sana.sy\/tr\/index.php?rest_route=\/wp\/v2\/users\/1"}],"replies":[{"embeddable":true,"href":"https:\/\/archive.sana.sy\/tr\/index.php?rest_route=%2Fwp%2Fv2%2Fcomments&post=57473"}],"version-history":[{"count":0,"href":"https:\/\/archive.sana.sy\/tr\/index.php?rest_route=\/wp\/v2\/posts\/57473\/revisions"}],"wp:attachment":[{"href":"https:\/\/archive.sana.sy\/tr\/index.php?rest_route=%2Fwp%2Fv2%2Fmedia&parent=57473"}],"wp:term":[{"taxonomy":"category","embeddable":true,"href":"https:\/\/archive.sana.sy\/tr\/index.php?rest_route=%2Fwp%2Fv2%2Fcategories&post=57473"},{"taxonomy":"post_tag","embeddable":true,"href":"https:\/\/archive.sana.sy\/tr\/index.php?rest_route=%2Fwp%2Fv2%2Ftags&post=57473"}],"curies":[{"name":"wp","href":"https:\/\/api.w.org\/{rel}","templated":true}]}}