{"id":57474,"date":"2016-01-10T16:48:05","date_gmt":"2016-01-10T14:48:05","guid":{"rendered":"http:\/\/www.sana.sy\/tr\/?p=57474"},"modified":"2016-01-11T16:36:31","modified_gmt":"2016-01-11T14:36:31","slug":"ailesi-fotografin-derhal-kaldirilmasini-talep-etti","status":"publish","type":"post","link":"https:\/\/archive.sana.sy\/tr\/?p=57474","title":{"rendered":"Ailesi Foto\u011fraf\u0131n Derhal Kald\u0131r\u0131lmas\u0131n\u0131 Talep Etti"},"content":{"rendered":"<p>\u015eAM \u2013 Suudi Arabistanl\u0131 Arabiye ve Katarl\u0131 Cezire kanallar\u0131n\u0131n yan\u0131 s\u0131ra siyonist ve petrodolar projelerine hizmet eden s\u00f6zde muteber medya kaynaklar\u0131 ge\u00e7en s\u00fcre i\u00e7inde \u015eam k\u0131rsal\u0131 Madaya Beldesine \u2018abluka ve a\u00e7l\u0131k\u2019 slogan\u0131 alt\u0131nda kudurmu\u015f bir medya hamlesi ba\u015flatarak bu hamlede d\u00fcnyan\u0131n bir\u00e7ok yerinden ilgisiz foto\u011fraflar kulland\u0131.<\/p>\n<p>Ter\u00f6r \u00f6rg\u00fctleri ve destek\u00e7ilerinin yanda\u015f medya ara\u00e7lar\u0131n\u0131n da kat\u0131ld\u0131klar\u0131 mesleki ve insani ilkelerden uzak bu hamlede kullan\u0131lan foto\u011fraflar aras\u0131nda \u2018Suriye Mona Lisa\u2019s\u0131 ad\u0131n\u0131 verdikleri bir k\u0131z\u0131n foto\u011fraf\u0131 yer al\u0131rken, daha sonra bu k\u0131z\u0131n L\u00fcbnan&#8217;\u0131n g\u00fcneyinde bir beldede ikamet eden bir ailenin k\u0131z\u0131 oldu\u011fu ve Suriye ile hi\u00e7bir ilgisinin olmad\u0131\u011f\u0131 ortaya \u00e7\u0131kt\u0131.<\/p>\n<p>Cezire ve Arabiye televizyonlar\u0131n\u0131n ekran ve web sitelerinin yan\u0131 s\u0131ra Arap ve yabanc\u0131 binlerce haber sitesi ve sosyal payla\u015f\u0131m sayfas\u0131n\u0131n taht\u0131na oturan s\u00f6z konusu foto\u011fraf\u0131n L\u00fcbnanl\u0131 aile Yusuf ve Rozin\u2019in k\u0131z\u0131 Maryana Mazih oldu\u011fu ortaya \u00e7\u0131kt\u0131. Ter\u00f6r \u00f6rg\u00fctleri ve destek\u00e7i medyalar\u0131 k\u0131z\u0131n masum y\u00fcz\u00fcn\u00fc ahlaks\u0131zca kullan\u0131p \u2018a\u00e7 Suriyelilere ba\u011f\u0131\u015f\u2019 ad\u0131 alt\u0131nda y\u00fcr\u00fctt\u00fckleri kampanyalar\u0131n\u0131n bro\u015f\u00fcrlerine de bast\u0131rd\u0131.<\/p>\n<p>Arabiye Televizyonu ise ayn\u0131 k\u0131z\u0131n foto\u011fraf\u0131n\u0131 2013 y\u0131l\u0131nda \u2018Suriye&#8217;de devletten ve Suriye ordusunun katliamlar\u0131ndan ka\u00e7arak \u00dcrd\u00fcn\u2019de sefil bir durumda ekmek paras\u0131n\u0131 kazanmak i\u00e7in sak\u0131z satan Suriyeli k\u0131z\u2019 ba\u015fl\u0131kl\u0131 haberinde ayn\u0131 k\u0131z\u0131n foto\u011fraf\u0131n\u0131 kullanm\u0131\u015ft\u0131.<\/p>\n<p>Bunun \u00fczerine muhtelif medya ara\u00e7lar\u0131 L\u00fcbnan&#8217;\u0131n g\u00fcneyi Teyrfilsiye Beldesinde k\u0131z\u0131n ailesini ziyaret ederek k\u0131z\u0131n foto\u011fraf\u0131n\u0131n bu \u015fekilde ahlaks\u0131z ve insanl\u0131k ilkelerinden uzak bir \u015fekilde kullan\u0131lmas\u0131 hakk\u0131nda g\u00f6r\u00fc\u015flerini ald\u0131.<\/p>\n<p>K\u0131z\u0131n amcas\u0131 Abd\u00fclvahap Mazih; Maryana\u2019n\u0131n yakla\u015f\u0131k 3 y\u0131l \u00f6nce yak\u0131n bir markete gidip oradan sak\u0131z sat\u0131n ald\u0131\u011f\u0131n\u0131 ifade ederken, o s\u0131rada \u00e7ekildi\u011fi bir foto\u011fraf\u0131 facebook sayfas\u0131nda yay\u0131nlad\u0131\u011f\u0131n\u0131 a\u00e7\u0131klad\u0131. Bir s\u00fcre sonra Suudili Arabiye Televizyonunun k\u0131z\u0131n foto\u011fraf\u0131n\u0131 facebook sayfas\u0131ndan \u00e7alarak \u2018tehcir edilen ve ekmek paras\u0131 i\u00e7in sak\u0131z satan Suriyeli bir k\u0131z\u2019 haberiyle payla\u015ft\u0131\u011f\u0131n\u0131, oradan da bir\u00e7ok web sitesinde yay\u0131ld\u0131\u011f\u0131na dikkat \u00e7eken k\u0131z\u0131n amcas\u0131; o zamanlarda rahats\u0131zl\u0131klar\u0131n\u0131 Arabiye Televizyonu ve daha ba\u015fka medya ara\u00e7lar\u0131na bildirdiklerini ifade etti. K\u0131z\u0131n amcas\u0131 aradan iki y\u0131l ge\u00e7mesiyle Arabiye, Cezire ve daha ba\u015fka medya arac\u0131n\u0131n bu kez \u2018Madaya Beldesinden Suriyeli bir k\u0131z\u2019 ad\u0131 alt\u0131nda Maryana\u2019n\u0131n foto\u011fraf\u0131n\u0131 bir kez daha ahlaks\u0131zca kullanmalar\u0131yla \u015fok olduklar\u0131n\u0131 belirtti.<\/p>\n<p>K\u0131z\u0131n amcas\u0131 mesleki ahlak ve ilkelerle hi\u00e7bir ilgileri olmayan, \u00e7okuluslu tekfirci ter\u00f6r\u00fc destekleyen s\u00f6z konusu medya ara\u00e7lar\u0131ndan Maryana\u2019n\u0131n foto\u011fraf\u0131n\u0131 kullanmaya son vermelerini talep etti.<\/p>\n<p>Bu arada Suriye&#8217;de \u00e7okuluslu tekfirci ter\u00f6r\u00fc destekleyen s\u00f6z konusu medya ara\u00e7lar\u0131 Madaya beldesiyle ilgili dezenformasyon kampanyalar\u0131nda Avrupa ve daha ba\u015fka devletlerden uyu\u015fturucu ba\u011f\u0131ml\u0131lar\u0131 ve hastalara ait sahte foto\u011fraflar kullanm\u0131\u015flard\u0131.<\/p>\n","protected":false},"excerpt":{"rendered":"<p>\u015eAM \u2013 Suudi Arabistanl\u0131 Arabiye ve Katarl\u0131 Cezire kanallar\u0131n\u0131n yan\u0131 s\u0131ra siyonist ve petrodolar projelerine hizmet eden s\u00f6zde muteber medya kaynaklar\u0131 ge\u00e7en s\u00fcre i\u00e7inde \u015eam k\u0131rsal\u0131 Madaya Beldesine \u2018abluka ve a\u00e7l\u0131k\u2019 slogan\u0131 alt\u0131nda kudurmu\u015f bir medya hamlesi ba\u015flatarak bu hamlede d\u00fcnyan\u0131n bir\u00e7ok yerinden ilgisiz foto\u011fraflar kulland\u0131. Ter\u00f6r \u00f6rg\u00fctleri ve destek\u00e7ilerinin yanda\u015f medya ara\u00e7lar\u0131n\u0131n da kat\u0131ld\u0131klar\u0131 &hellip;<\/p>\n","protected":false},"author":1,"featured_media":57475,"comment_status":"closed","ping_status":"closed","sticky":false,"template":"","format":"standard","meta":{"footnotes":""},"categories":[556,559,479,17988,478],"tags":[18477,18476,18479,18449,18475,18478],"class_list":["post-57474","post","type-post","status-publish","format-standard","has-post-thumbnail","","category-basin","category-dunya-basini","category-haberler-yerel","category-son-haberler","category-yerel","tag-arabiye-kanali","tag-cezire-kanali","tag-maryana","tag-medya-hamlesi","tag-suriye-maryanasi","tag-suriye-mona-lisasi"],"_links":{"self":[{"href":"https:\/\/archive.sana.sy\/tr\/index.php?rest_route=\/wp\/v2\/posts\/57474","targetHints":{"allow":["GET"]}}],"collection":[{"href":"https:\/\/archive.sana.sy\/tr\/index.php?rest_route=\/wp\/v2\/posts"}],"about":[{"href":"https:\/\/archive.sana.sy\/tr\/index.php?rest_route=\/wp\/v2\/types\/post"}],"author":[{"embeddable":true,"href":"https:\/\/archive.sana.sy\/tr\/index.php?rest_route=\/wp\/v2\/users\/1"}],"replies":[{"embeddable":true,"href":"https:\/\/archive.sana.sy\/tr\/index.php?rest_route=%2Fwp%2Fv2%2Fcomments&post=57474"}],"version-history":[{"count":0,"href":"https:\/\/archive.sana.sy\/tr\/index.php?rest_route=\/wp\/v2\/posts\/57474\/revisions"}],"wp:featuredmedia":[{"embeddable":true,"href":"https:\/\/archive.sana.sy\/tr\/index.php?rest_route=\/wp\/v2\/media\/57475"}],"wp:attachment":[{"href":"https:\/\/archive.sana.sy\/tr\/index.php?rest_route=%2Fwp%2Fv2%2Fmedia&parent=57474"}],"wp:term":[{"taxonomy":"category","embeddable":true,"href":"https:\/\/archive.sana.sy\/tr\/index.php?rest_route=%2Fwp%2Fv2%2Fcategories&post=57474"},{"taxonomy":"post_tag","embeddable":true,"href":"https:\/\/archive.sana.sy\/tr\/index.php?rest_route=%2Fwp%2Fv2%2Ftags&post=57474"}],"curies":[{"name":"wp","href":"https:\/\/api.w.org\/{rel}","templated":true}]}}