{"id":57499,"date":"2016-01-11T08:30:48","date_gmt":"2016-01-11T06:30:48","guid":{"rendered":"http:\/\/www.sana.sy\/tr\/?p=57499"},"modified":"2016-01-11T09:13:09","modified_gmt":"2016-01-11T07:13:09","slug":"erdogan-ceteleri-birbirlerini-tasfiye-etmeye-devam-ediyor","status":"publish","type":"post","link":"https:\/\/archive.sana.sy\/tr\/?p=57499","title":{"rendered":"Erdo\u011fan \u00c7eteleri Birbirlerini Tasfiye Etmeye Devam Ediyor"},"content":{"rendered":"<p>\u0130DL\u0130B \u2013 T\u00fcrkiye ve Suudi Arabistan\u2019da radikal ideolojilere sahip rejimlerin destek ve talimatlar\u0131yla faaliyet g\u00f6steren \u2018Fetih Ordusu\u2019 bile\u015fenleri aras\u0131ndaki gerginlik ve kar\u015f\u0131l\u0131kl\u0131 tasfiye eylemleri kapsam\u0131nda Nusra Cephesi bug\u00fcn \u0130dlib k\u0131rsal\u0131nda bariz iki ter\u00f6rist Hadi el Abdullah ve Raid Faris\u2019i al\u0131koydu.<\/p>\n<p>Ter\u00f6ristler medya ara\u00e7lar\u0131nda Nusra Cephesinin \u0130dlib Kentinin yakla\u015f\u0131k 55 km g\u00fcneyine d\u00fc\u015fen Kefar N\u00fcbbul Beldesinde ter\u00f6ristlerin bir yuvas\u0131n\u0131 basarak ter\u00f6ristler Faris ve el Abdullah\u2019\u0131 me\u00e7hul bir yere ka\u00e7\u0131rd\u0131klar\u0131n\u0131 belirtti.<\/p>\n<p>Nusra Cephesinin bu eylemi; \u015eam B\u00f6l\u00fckleri ad\u0131yla bilinen ter\u00f6r \u00e7eteleri komutanlar\u0131ndan Ahmet el \u00d6mer\u2019in tasfiye edilmesi giri\u015fiminden birka\u00e7 saat sonra geldi. Ter\u00f6r eleba\u015f\u0131 el \u00d6mer, Eblin Abdiyta otoyolu \u00fczerinde yola yerle\u015ftirilen bir bomba d\u00fczene\u011fi ile tasfiye edilmeye \u00e7al\u0131\u015f\u0131l\u0131rken, aralar\u0131nda saha komutanlar\u0131ndan Abdo F\u0131ttiny el Cezzar\u2019\u0131n bulundu\u011fu bir\u00e7ok ter\u00f6rist \u00f6ld\u00fcr\u00fclm\u00fc\u015ft\u00fc.<\/p>\n<p>\u0130dlib k\u0131rsal\u0131, ge\u00e7en birka\u00e7 g\u00fcn i\u00e7inde ter\u00f6r saflar\u0131 aras\u0131nda onlarca tasfiye eylemine tan\u0131k olurken bu eylemlerin destek\u00e7i d\u0131\u015f taraflar\u0131n \u00e7\u0131kar ve ajandalar\u0131 aras\u0131ndaki uyu\u015fmazl\u0131\u011f\u0131n yan\u0131 s\u0131ra farkl\u0131 isimler alt\u0131nda faaliyet g\u00f6steren ter\u00f6ristlerin karanl\u0131k ve katil ideolojiden ba\u015fka bir \u015fey bilmedikleri neticesinde oldu\u011fu kaydedildi.<\/p>\n<p>Ter\u00f6rist Hadi el Abdullah Nusra Cephesi, Ahrar el \u015eam \u0130slami Hareketi ve daha bir\u00e7ok isim alt\u0131nda faaliyet g\u00f6steren ve genelleri yabanc\u0131 tekfircilerden olu\u015fan \u2018Fetih Ordusu\u2019nun en tehlikeli ter\u00f6ristlerinden biri say\u0131l\u0131yor.<\/p>\n","protected":false},"excerpt":{"rendered":"<p>\u0130DL\u0130B \u2013 T\u00fcrkiye ve Suudi Arabistan\u2019da radikal ideolojilere sahip rejimlerin destek ve talimatlar\u0131yla faaliyet g\u00f6steren \u2018Fetih Ordusu\u2019 bile\u015fenleri aras\u0131ndaki gerginlik ve kar\u015f\u0131l\u0131kl\u0131 tasfiye eylemleri kapsam\u0131nda Nusra Cephesi bug\u00fcn \u0130dlib k\u0131rsal\u0131nda bariz iki ter\u00f6rist Hadi el Abdullah ve Raid Faris\u2019i al\u0131koydu. Ter\u00f6ristler medya ara\u00e7lar\u0131nda Nusra Cephesinin \u0130dlib Kentinin yakla\u015f\u0131k 55 km g\u00fcneyine d\u00fc\u015fen Kefar N\u00fcbbul Beldesinde &hellip;<\/p>\n","protected":false},"author":1,"featured_media":57500,"comment_status":"closed","ping_status":"closed","sticky":false,"template":"","format":"standard","meta":{"footnotes":""},"categories":[479,575,17988,478],"tags":[3464,2930],"class_list":["post-57499","post","type-post","status-publish","format-standard","has-post-thumbnail","","category-haberler-yerel","category-olaylar-ve-gercekler","category-son-haberler","category-yerel","tag-nusra-cephesi","tag-teroristler"],"_links":{"self":[{"href":"https:\/\/archive.sana.sy\/tr\/index.php?rest_route=\/wp\/v2\/posts\/57499","targetHints":{"allow":["GET"]}}],"collection":[{"href":"https:\/\/archive.sana.sy\/tr\/index.php?rest_route=\/wp\/v2\/posts"}],"about":[{"href":"https:\/\/archive.sana.sy\/tr\/index.php?rest_route=\/wp\/v2\/types\/post"}],"author":[{"embeddable":true,"href":"https:\/\/archive.sana.sy\/tr\/index.php?rest_route=\/wp\/v2\/users\/1"}],"replies":[{"embeddable":true,"href":"https:\/\/archive.sana.sy\/tr\/index.php?rest_route=%2Fwp%2Fv2%2Fcomments&post=57499"}],"version-history":[{"count":0,"href":"https:\/\/archive.sana.sy\/tr\/index.php?rest_route=\/wp\/v2\/posts\/57499\/revisions"}],"wp:featuredmedia":[{"embeddable":true,"href":"https:\/\/archive.sana.sy\/tr\/index.php?rest_route=\/wp\/v2\/media\/57500"}],"wp:attachment":[{"href":"https:\/\/archive.sana.sy\/tr\/index.php?rest_route=%2Fwp%2Fv2%2Fmedia&parent=57499"}],"wp:term":[{"taxonomy":"category","embeddable":true,"href":"https:\/\/archive.sana.sy\/tr\/index.php?rest_route=%2Fwp%2Fv2%2Fcategories&post=57499"},{"taxonomy":"post_tag","embeddable":true,"href":"https:\/\/archive.sana.sy\/tr\/index.php?rest_route=%2Fwp%2Fv2%2Ftags&post=57499"}],"curies":[{"name":"wp","href":"https:\/\/api.w.org\/{rel}","templated":true}]}}