{"id":57502,"date":"2016-01-11T08:45:29","date_gmt":"2016-01-11T06:45:29","guid":{"rendered":"http:\/\/www.sana.sy\/tr\/?p=57502"},"modified":"2016-01-11T09:19:56","modified_gmt":"2016-01-11T07:19:56","slug":"arap-ve-yabanci-basin-heyetleri-halep-kirsalinda-dolasti","status":"publish","type":"post","link":"https:\/\/archive.sana.sy\/tr\/?p=57502","title":{"rendered":"Arap ve Yabanc\u0131 Bas\u0131n Heyetleri Halep K\u0131rsal\u0131nda Dola\u015ft\u0131"},"content":{"rendered":"<p>HALEP \u2013 Aralar\u0131nda T\u00fcrkiyeli, \u0130ranl\u0131 ve Arap gazeteci ve televizyon kanallar\u0131n\u0131n bulundu\u011fu bas\u0131n heyeti Halep k\u0131rsal\u0131nda ordu birliklerimiz ve destek\u00e7i g\u00fc\u00e7lerin daha \u00f6nceki g\u00fcnlerde ter\u00f6rden temizledikleri Had\u0131r Beldesi ve bir dizi b\u00f6lgeye saha gezilerinde bulundular.<\/p>\n<p>Suriye, \u0130ran, Irak, Yemen, L\u00fcbnan ve T\u00fcrkiye&#8217;den 30\u2019dan fazla bas\u0131n kurulu\u015funu temsil eden bas\u0131n heyetleri T\u00fcrkiye ve Suudi Arabistan rejimlerinin destek ve talimatlar\u0131nda insani medeniyeti y\u0131kma ve \u00f6ld\u00fcrmeyi meslek edinen ter\u00f6ristlerin yol a\u00e7t\u0131klar\u0131 y\u0131k\u0131m ve hasar\u0131 g\u00f6zlemledi.<\/p>\n<p>Bas\u0131n heyetleri Erdo\u011fan ve Suudi rejimlerine tabi ter\u00f6r \u00e7etelerin eylemleri neticesinde y\u0131llar \u00f6nce evlerinden tehcir edilmeleri ard\u0131ndan beldelerinin bu \u00e7etelerden temizlenmesiyle evlerine d\u00f6nen Had\u0131r Beldesi ahalisinden ya\u015fad\u0131klar\u0131 ko\u015fullar hakk\u0131nda bilgi ald\u0131. Belde ahalisi ordunun beldeyi kontrol\u00fcne almas\u0131 ard\u0131ndan vatan askerlerinin korumas\u0131 alt\u0131nda g\u00fcven i\u00e7inde ya\u015fad\u0131klar\u0131n\u0131 ifade ederken ter\u00f6ristlerin daha \u00f6nce \u0131rzlar\u0131na, canlar\u0131na e m\u00fclklerine sald\u0131r\u0131lar\u0131yla yol a\u00e7t\u0131klar\u0131 ac\u0131lara vurgu yapt\u0131.<\/p>\n<p>Aralar\u0131nda T\u00fcrkiye&#8217;den Ulusal Televizyonunun da bulundu\u011fu bas\u0131n heyetleri b\u00f6lgedeki askeri komutanlardan da operasyonlar\u0131n seyri hakk\u0131nda bilgi ald\u0131.<\/p>\n<div id='gallery-1' class='gallery galleryid-57502 gallery-columns-2 gallery-size-medium'><figure class='gallery-item'>\n\t\t\t<div class='gallery-icon landscape'>\n\t\t\t\t<a href='https:\/\/archive.sana.sy\/tr\/wp-content\/uploads\/2016\/01\/Halep-1.jpg'><img loading=\"lazy\" decoding=\"async\" width=\"300\" height=\"181\" src=\"https:\/\/archive.sana.sy\/tr\/wp-content\/uploads\/2016\/01\/Halep-1-300x181.jpg\" class=\"attachment-medium size-medium\" alt=\"\" srcset=\"https:\/\/archive.sana.sy\/tr\/wp-content\/uploads\/2016\/01\/Halep-1-300x181.jpg 300w, https:\/\/archive.sana.sy\/tr\/wp-content\/uploads\/2016\/01\/Halep-1-150x90.jpg 150w, https:\/\/archive.sana.sy\/tr\/wp-content\/uploads\/2016\/01\/Halep-1-768x463.jpg 768w, https:\/\/archive.sana.sy\/tr\/wp-content\/uploads\/2016\/01\/Halep-1-1024x617.jpg 1024w, https:\/\/archive.sana.sy\/tr\/wp-content\/uploads\/2016\/01\/Halep-1.jpg 1040w\" sizes=\"auto, (max-width: 300px) 100vw, 300px\" \/><\/a>\n\t\t\t<\/div><\/figure><figure class='gallery-item'>\n\t\t\t<div class='gallery-icon landscape'>\n\t\t\t\t<a href='https:\/\/archive.sana.sy\/tr\/wp-content\/uploads\/2016\/01\/Halep-2.jpg'><img loading=\"lazy\" decoding=\"async\" width=\"300\" height=\"199\" src=\"https:\/\/archive.sana.sy\/tr\/wp-content\/uploads\/2016\/01\/Halep-2-300x199.jpg\" class=\"attachment-medium size-medium\" alt=\"\" srcset=\"https:\/\/archive.sana.sy\/tr\/wp-content\/uploads\/2016\/01\/Halep-2-300x199.jpg 300w, https:\/\/archive.sana.sy\/tr\/wp-content\/uploads\/2016\/01\/Halep-2-150x100.jpg 150w, https:\/\/archive.sana.sy\/tr\/wp-content\/uploads\/2016\/01\/Halep-2-768x510.jpg 768w, https:\/\/archive.sana.sy\/tr\/wp-content\/uploads\/2016\/01\/Halep-2-1024x680.jpg 1024w, https:\/\/archive.sana.sy\/tr\/wp-content\/uploads\/2016\/01\/Halep-2-310x205.jpg 310w, https:\/\/archive.sana.sy\/tr\/wp-content\/uploads\/2016\/01\/Halep-2.jpg 1085w\" sizes=\"auto, (max-width: 300px) 100vw, 300px\" \/><\/a>\n\t\t\t<\/div><\/figure>\n\t\t<\/div>\n\n<p>R.H.<\/p>\n","protected":false},"excerpt":{"rendered":"<p>HALEP \u2013 Aralar\u0131nda T\u00fcrkiyeli, \u0130ranl\u0131 ve Arap gazeteci ve televizyon kanallar\u0131n\u0131n bulundu\u011fu bas\u0131n heyeti Halep k\u0131rsal\u0131nda ordu birliklerimiz ve destek\u00e7i g\u00fc\u00e7lerin daha \u00f6nceki g\u00fcnlerde ter\u00f6rden temizledikleri Had\u0131r Beldesi ve bir dizi b\u00f6lgeye saha gezilerinde bulundular. Suriye, \u0130ran, Irak, Yemen, L\u00fcbnan ve T\u00fcrkiye&#8217;den 30\u2019dan fazla bas\u0131n kurulu\u015funu temsil eden bas\u0131n heyetleri T\u00fcrkiye ve Suudi Arabistan rejimlerinin &hellip;<\/p>\n","protected":false},"author":1,"featured_media":57503,"comment_status":"closed","ping_status":"closed","sticky":false,"template":"","format":"standard","meta":{"footnotes":""},"categories":[479,17988,478],"tags":[18480,18482,18481],"class_list":["post-57502","post","type-post","status-publish","format-standard","has-post-thumbnail","","category-haberler-yerel","category-son-haberler","category-yerel","tag-aralarinda-turkiyeli","tag-basin-heyetleri","tag-iranli-ve-arap-gazeteci-ve-televizyon"],"_links":{"self":[{"href":"https:\/\/archive.sana.sy\/tr\/index.php?rest_route=\/wp\/v2\/posts\/57502","targetHints":{"allow":["GET"]}}],"collection":[{"href":"https:\/\/archive.sana.sy\/tr\/index.php?rest_route=\/wp\/v2\/posts"}],"about":[{"href":"https:\/\/archive.sana.sy\/tr\/index.php?rest_route=\/wp\/v2\/types\/post"}],"author":[{"embeddable":true,"href":"https:\/\/archive.sana.sy\/tr\/index.php?rest_route=\/wp\/v2\/users\/1"}],"replies":[{"embeddable":true,"href":"https:\/\/archive.sana.sy\/tr\/index.php?rest_route=%2Fwp%2Fv2%2Fcomments&post=57502"}],"version-history":[{"count":0,"href":"https:\/\/archive.sana.sy\/tr\/index.php?rest_route=\/wp\/v2\/posts\/57502\/revisions"}],"wp:featuredmedia":[{"embeddable":true,"href":"https:\/\/archive.sana.sy\/tr\/index.php?rest_route=\/wp\/v2\/media\/57503"}],"wp:attachment":[{"href":"https:\/\/archive.sana.sy\/tr\/index.php?rest_route=%2Fwp%2Fv2%2Fmedia&parent=57502"}],"wp:term":[{"taxonomy":"category","embeddable":true,"href":"https:\/\/archive.sana.sy\/tr\/index.php?rest_route=%2Fwp%2Fv2%2Fcategories&post=57502"},{"taxonomy":"post_tag","embeddable":true,"href":"https:\/\/archive.sana.sy\/tr\/index.php?rest_route=%2Fwp%2Fv2%2Ftags&post=57502"}],"curies":[{"name":"wp","href":"https:\/\/api.w.org\/{rel}","templated":true}]}}