{"id":57517,"date":"2016-01-11T13:51:44","date_gmt":"2016-01-11T11:51:44","guid":{"rendered":"http:\/\/sana.sy\/tr\/?p=57517"},"modified":"2016-01-13T19:19:51","modified_gmt":"2016-01-13T17:19:51","slug":"belde-halki-bizzat-yalanladi","status":"publish","type":"post","link":"https:\/\/archive.sana.sy\/tr\/?p=57517","title":{"rendered":"Belde Halk\u0131 Bizzat Yalanlad\u0131 (video)"},"content":{"rendered":"<p>BEYRUT \u2013 Be\u015f y\u0131la yak\u0131n s\u00fcredir Suriyelilerin kanlar\u0131n\u0131n ak\u0131t\u0131lmas\u0131, altyap\u0131 ve hizmet kurumlar\u0131n\u0131n sabote edilmesinde parma\u011f\u0131 olan medya ara\u00e7lar\u0131n\u0131n \u015eam k\u0131rsal\u0131 Madaya Beldesine ili\u015fkin y\u00fcr\u00fctt\u00fckleri ve ger\u00e7ekle ilgisi olmayan yalan dolan medya hamlesine bukez yalanlama Madaya Beldesi halk\u0131n\u0131n kendisinden geldi.<\/p>\n<p>Madaya halk\u0131 a\u00e7\u0131klamalar\u0131nda Suudi Arabistan, Katar ve T\u00fcrkiye rejimlerine tabi ter\u00f6r \u00f6rg\u00fctlerin beldelerinde ter\u00f6r estirdiklerini ifade etti. Ahali Suriye h\u00fck\u00fcmetinin Suriye K\u0131z\u0131lay \u00d6rg\u00fct\u00fc, Uluslararas\u0131 K\u0131z\u0131lha\u00e7 \u00d6rg\u00fct\u00fc, BM ve daha ba\u015fka kurumlar\u0131n i\u015fbirli\u011fi ile Madaya Beldesine ge\u00e7irdi\u011fi insani yard\u0131mlara s\u00f6z konusu ter\u00f6r \u00f6rg\u00fctleri taraf\u0131ndan el konuldu\u011funu, daha sonra bu \u00e7etelerin insani yard\u0131mlar\u0131n bir k\u0131sm\u0131n\u0131 kendileri kulland\u0131klar\u0131n\u0131, geriye kalanlar\u0131 da olduk\u00e7a y\u00fcksek fiyatlarla istediklerine satt\u0131klar\u0131n\u0131 vurgulad\u0131.<\/p>\n<p>L\u00fcbnanl\u0131 el Menar kanal\u0131 belde i\u00e7inden g\u00f6r\u00fcnt\u00fcler ve ahalinin tan\u0131kl\u0131klar\u0131yla yay\u0131nlad\u0131\u011f\u0131 raporda iki ay \u00f6nce beldeye ge\u00e7irilen kamyonlar dolusu insani yard\u0131mlara ter\u00f6r eleba\u015flar\u0131 Diyab Nasif, Musa el Malih ve Diyab Ebu Dervi\u015f taraf\u0131ndan el konuldu\u011funu belirtti. Ter\u00f6ristlerin bu yard\u0131mlar\u0131 kendi karargahlar\u0131nda stoklay\u0131p hayali fiyatlarla istediklerine satt\u0131klar\u0131n\u0131 g\u00f6r\u00fcnt\u00fclerle belirten belde ahalisi; Ziyad Bender adl\u0131 ter\u00f6r eleba\u015f\u0131n\u0131n evini depoya \u00e7evirdi\u011fini ifade etti.<\/p>\n<p>https:\/\/www.youtube.com\/watch?time_continue=61&#038;v=JmqsUMCmb8Q<\/p>\n","protected":false},"excerpt":{"rendered":"<p>BEYRUT \u2013 Be\u015f y\u0131la yak\u0131n s\u00fcredir Suriyelilerin kanlar\u0131n\u0131n ak\u0131t\u0131lmas\u0131, altyap\u0131 ve hizmet kurumlar\u0131n\u0131n sabote edilmesinde parma\u011f\u0131 olan medya ara\u00e7lar\u0131n\u0131n \u015eam k\u0131rsal\u0131 Madaya Beldesine ili\u015fkin y\u00fcr\u00fctt\u00fckleri ve ger\u00e7ekle ilgisi olmayan yalan dolan medya hamlesine bukez yalanlama Madaya Beldesi halk\u0131n\u0131n kendisinden geldi. Madaya halk\u0131 a\u00e7\u0131klamalar\u0131nda Suudi Arabistan, Katar ve T\u00fcrkiye rejimlerine tabi ter\u00f6r \u00f6rg\u00fctlerin beldelerinde ter\u00f6r estirdiklerini &hellip;<\/p>\n","protected":false},"author":1,"featured_media":57518,"comment_status":"closed","ping_status":"closed","sticky":false,"template":"","format":"standard","meta":{"footnotes":""},"categories":[556,458,559,596,459,18295,17988],"tags":[18484,18445,18485,18449,18487,18486],"class_list":["post-57517","post","type-post","status-publish","format-standard","has-post-thumbnail","","category-basin","category-dunya1","category-dunya-basini","category-fotografli-raporlar","category-haberler-arap-uluslararasi-politika","category-sana-video","category-son-haberler","tag-aclik-kampanyasi","tag-madaya-beldesi","tag-medya-araclari","tag-medya-hamlesi","tag-sahtekarlik","tag-yalan-dolan"],"_links":{"self":[{"href":"https:\/\/archive.sana.sy\/tr\/index.php?rest_route=\/wp\/v2\/posts\/57517","targetHints":{"allow":["GET"]}}],"collection":[{"href":"https:\/\/archive.sana.sy\/tr\/index.php?rest_route=\/wp\/v2\/posts"}],"about":[{"href":"https:\/\/archive.sana.sy\/tr\/index.php?rest_route=\/wp\/v2\/types\/post"}],"author":[{"embeddable":true,"href":"https:\/\/archive.sana.sy\/tr\/index.php?rest_route=\/wp\/v2\/users\/1"}],"replies":[{"embeddable":true,"href":"https:\/\/archive.sana.sy\/tr\/index.php?rest_route=%2Fwp%2Fv2%2Fcomments&post=57517"}],"version-history":[{"count":0,"href":"https:\/\/archive.sana.sy\/tr\/index.php?rest_route=\/wp\/v2\/posts\/57517\/revisions"}],"wp:featuredmedia":[{"embeddable":true,"href":"https:\/\/archive.sana.sy\/tr\/index.php?rest_route=\/wp\/v2\/media\/57518"}],"wp:attachment":[{"href":"https:\/\/archive.sana.sy\/tr\/index.php?rest_route=%2Fwp%2Fv2%2Fmedia&parent=57517"}],"wp:term":[{"taxonomy":"category","embeddable":true,"href":"https:\/\/archive.sana.sy\/tr\/index.php?rest_route=%2Fwp%2Fv2%2Fcategories&post=57517"},{"taxonomy":"post_tag","embeddable":true,"href":"https:\/\/archive.sana.sy\/tr\/index.php?rest_route=%2Fwp%2Fv2%2Ftags&post=57517"}],"curies":[{"name":"wp","href":"https:\/\/api.w.org\/{rel}","templated":true}]}}