{"id":57521,"date":"2016-01-11T08:59:23","date_gmt":"2016-01-11T06:59:23","guid":{"rendered":"http:\/\/sana.sy\/tr\/?p=57521"},"modified":"2016-01-11T16:50:31","modified_gmt":"2016-01-11T14:50:31","slug":"uc-beldeye-es-zamanli-konvoylar-girdi","status":"publish","type":"post","link":"https:\/\/archive.sana.sy\/tr\/?p=57521","title":{"rendered":"\u00dc\u00e7 Beldeye E\u015f Zamanl\u0131 Konvoylar G\u00f6nderildi"},"content":{"rendered":"<p>\u0130LLER \u2013 \u0130dlib k\u0131rsal\u0131nda Erdo\u011fan ve Suudi rejimlerine tabi ter\u00f6r \u00e7etelerin ablukas\u0131 alt\u0131ndaki Fua ve Kefrayya beldelerine insani yard\u0131m ta\u015f\u0131yan konvoylar\u0131n g\u00f6nderilmesine e\u015f zamanl\u0131 olarak \u015eam k\u0131rsal\u0131nda yine Erdo\u011fan ve Suudi rejimlerine tabi tekfirci ter\u00f6r \u00e7etelerin insani yard\u0131mlara el koyup yanda\u015f medyalar\u0131yla yalan dolan medya hamlesi y\u00fcr\u00fctt\u00fckleri \u015eam k\u0131rsal\u0131 Madaya Beldesine de insani yard\u0131m g\u00f6nderildi.<\/p>\n<p>SANA muhabiri \u00fc\u00e7 beldeye e\u015f zamanl\u0131 olarak g\u00f6nderilen insani yard\u0131m konvoylar\u0131n Suriye K\u0131z\u0131lay \u00d6rg\u00fct\u00fc, Uluslararas\u0131 K\u0131z\u0131lha\u00e7 \u00d6rg\u00fct\u00fc ve BM denetimi alt\u0131nda yap\u0131ld\u0131\u011f\u0131n\u0131 aktard\u0131.<\/p>\n","protected":false},"excerpt":{"rendered":"<p>\u0130LLER \u2013 \u0130dlib k\u0131rsal\u0131nda Erdo\u011fan ve Suudi rejimlerine tabi ter\u00f6r \u00e7etelerin ablukas\u0131 alt\u0131ndaki Fua ve Kefrayya beldelerine insani yard\u0131m ta\u015f\u0131yan konvoylar\u0131n g\u00f6nderilmesine e\u015f zamanl\u0131 olarak \u015eam k\u0131rsal\u0131nda yine Erdo\u011fan ve Suudi rejimlerine tabi tekfirci ter\u00f6r \u00e7etelerin insani yard\u0131mlara el koyup yanda\u015f medyalar\u0131yla yalan dolan medya hamlesi y\u00fcr\u00fctt\u00fckleri \u015eam k\u0131rsal\u0131 Madaya Beldesine de insani yard\u0131m g\u00f6nderildi. &hellip;<\/p>\n","protected":false},"author":1,"featured_media":57522,"comment_status":"closed","ping_status":"closed","sticky":false,"template":"","format":"standard","meta":{"footnotes":""},"categories":[479,17988,478],"tags":[18489,18448,18491,18490,18492,18493,18488,18445],"class_list":["post-57521","post","type-post","status-publish","format-standard","has-post-thumbnail","","category-haberler-yerel","category-son-haberler","category-yerel","tag-fua","tag-insani-yardim","tag-kefraya","tag-kefrayya","tag-kizilay","tag-kizilhac","tag-konvoy","tag-madaya-beldesi"],"_links":{"self":[{"href":"https:\/\/archive.sana.sy\/tr\/index.php?rest_route=\/wp\/v2\/posts\/57521","targetHints":{"allow":["GET"]}}],"collection":[{"href":"https:\/\/archive.sana.sy\/tr\/index.php?rest_route=\/wp\/v2\/posts"}],"about":[{"href":"https:\/\/archive.sana.sy\/tr\/index.php?rest_route=\/wp\/v2\/types\/post"}],"author":[{"embeddable":true,"href":"https:\/\/archive.sana.sy\/tr\/index.php?rest_route=\/wp\/v2\/users\/1"}],"replies":[{"embeddable":true,"href":"https:\/\/archive.sana.sy\/tr\/index.php?rest_route=%2Fwp%2Fv2%2Fcomments&post=57521"}],"version-history":[{"count":0,"href":"https:\/\/archive.sana.sy\/tr\/index.php?rest_route=\/wp\/v2\/posts\/57521\/revisions"}],"wp:featuredmedia":[{"embeddable":true,"href":"https:\/\/archive.sana.sy\/tr\/index.php?rest_route=\/wp\/v2\/media\/57522"}],"wp:attachment":[{"href":"https:\/\/archive.sana.sy\/tr\/index.php?rest_route=%2Fwp%2Fv2%2Fmedia&parent=57521"}],"wp:term":[{"taxonomy":"category","embeddable":true,"href":"https:\/\/archive.sana.sy\/tr\/index.php?rest_route=%2Fwp%2Fv2%2Fcategories&post=57521"},{"taxonomy":"post_tag","embeddable":true,"href":"https:\/\/archive.sana.sy\/tr\/index.php?rest_route=%2Fwp%2Fv2%2Ftags&post=57521"}],"curies":[{"name":"wp","href":"https:\/\/api.w.org\/{rel}","templated":true}]}}