{"id":57524,"date":"2016-01-11T09:06:41","date_gmt":"2016-01-11T07:06:41","guid":{"rendered":"http:\/\/sana.sy\/tr\/?p=57524"},"modified":"2016-01-13T19:26:16","modified_gmt":"2016-01-13T17:26:16","slug":"muallim-4-gun-surecek-ziyaretine-basladi","status":"publish","type":"post","link":"https:\/\/archive.sana.sy\/tr\/?p=57524","title":{"rendered":"Muallim 4 G\u00fcn S\u00fcrecek Ziyaretine Ba\u015flad\u0131"},"content":{"rendered":"<p>YEN\u0130 DELH\u0130 \u2013 Ba\u015fbakan Yard\u0131mc\u0131s\u0131 D\u0131\u015fi\u015fleri ve Gurbet\u00e7iler Bakan\u0131 Velid el Muallim Hindistanl\u0131 yetkilerle b\u00f6lge ve uluslar aras\u0131 d\u00fczeyde g\u00fcndem ve geli\u015fmelerin yan\u0131 s\u0131ra iki \u00fclke aras\u0131ndaki ili\u015fkileri muhtelif alanlarda geli\u015ftirme ama\u00e7l\u0131 temaslarda bulunmak \u00fczere Hindistan\u2019a d\u00f6rt g\u00fcn s\u00fcrecek resmi ziyarette bulunuyor.<\/p>\n<p>BRICS Grubu \u00fcyesi Hindistan; Suriye&#8217;deki krize herhangi bir d\u0131\u015f m\u00fcdahale olmaks\u0131z\u0131n bizzat Suriyeliler aras\u0131nda diyalog yoluyla \u00e7\u00f6z\u00fcm sa\u011flanmas\u0131n\u0131n yan\u0131 s\u0131ra ter\u00f6re kar\u015f\u0131 uluslar aras\u0131 karar ve misaka ba\u011fl\u0131 \u015fekilde ter\u00f6re kar\u015f\u0131 ciddi ve Suriye h\u00fck\u00fcmetiyle koordinasyonla m\u00fccadele edilmesine davet ediyor.<\/p>\n","protected":false},"excerpt":{"rendered":"<p>YEN\u0130 DELH\u0130 \u2013 Ba\u015fbakan Yard\u0131mc\u0131s\u0131 D\u0131\u015fi\u015fleri ve Gurbet\u00e7iler Bakan\u0131 Velid el Muallim Hindistanl\u0131 yetkilerle b\u00f6lge ve uluslar aras\u0131 d\u00fczeyde g\u00fcndem ve geli\u015fmelerin yan\u0131 s\u0131ra iki \u00fclke aras\u0131ndaki ili\u015fkileri muhtelif alanlarda geli\u015ftirme ama\u00e7l\u0131 temaslarda bulunmak \u00fczere Hindistan\u2019a d\u00f6rt g\u00fcn s\u00fcrecek resmi ziyarette bulunuyor. BRICS Grubu \u00fcyesi Hindistan; Suriye&#8217;deki krize herhangi bir d\u0131\u015f m\u00fcdahale olmaks\u0131z\u0131n bizzat Suriyeliler &hellip;<\/p>\n","protected":false},"author":1,"featured_media":57525,"comment_status":"closed","ping_status":"closed","sticky":false,"template":"","format":"standard","meta":{"footnotes":""},"categories":[458,459,17988],"tags":[4348,17051,18494],"class_list":["post-57524","post","type-post","status-publish","format-standard","has-post-thumbnail","","category-dunya1","category-haberler-arap-uluslararasi-politika","category-son-haberler","tag-hindistan","tag-velid-muallim","tag-yeni-delhi"],"_links":{"self":[{"href":"https:\/\/archive.sana.sy\/tr\/index.php?rest_route=\/wp\/v2\/posts\/57524","targetHints":{"allow":["GET"]}}],"collection":[{"href":"https:\/\/archive.sana.sy\/tr\/index.php?rest_route=\/wp\/v2\/posts"}],"about":[{"href":"https:\/\/archive.sana.sy\/tr\/index.php?rest_route=\/wp\/v2\/types\/post"}],"author":[{"embeddable":true,"href":"https:\/\/archive.sana.sy\/tr\/index.php?rest_route=\/wp\/v2\/users\/1"}],"replies":[{"embeddable":true,"href":"https:\/\/archive.sana.sy\/tr\/index.php?rest_route=%2Fwp%2Fv2%2Fcomments&post=57524"}],"version-history":[{"count":0,"href":"https:\/\/archive.sana.sy\/tr\/index.php?rest_route=\/wp\/v2\/posts\/57524\/revisions"}],"wp:featuredmedia":[{"embeddable":true,"href":"https:\/\/archive.sana.sy\/tr\/index.php?rest_route=\/wp\/v2\/media\/57525"}],"wp:attachment":[{"href":"https:\/\/archive.sana.sy\/tr\/index.php?rest_route=%2Fwp%2Fv2%2Fmedia&parent=57524"}],"wp:term":[{"taxonomy":"category","embeddable":true,"href":"https:\/\/archive.sana.sy\/tr\/index.php?rest_route=%2Fwp%2Fv2%2Fcategories&post=57524"},{"taxonomy":"post_tag","embeddable":true,"href":"https:\/\/archive.sana.sy\/tr\/index.php?rest_route=%2Fwp%2Fv2%2Ftags&post=57524"}],"curies":[{"name":"wp","href":"https:\/\/api.w.org\/{rel}","templated":true}]}}