{"id":57528,"date":"2016-01-11T10:07:59","date_gmt":"2016-01-11T08:07:59","guid":{"rendered":"http:\/\/sana.sy\/tr\/?p=57528"},"modified":"2016-01-11T14:15:11","modified_gmt":"2016-01-11T12:15:11","slug":"rusya-natoyu-uyardi","status":"publish","type":"post","link":"https:\/\/archive.sana.sy\/tr\/?p=57528","title":{"rendered":"Rusya, NATO\u2019yu Uyard\u0131"},"content":{"rendered":"<p>MOSKOVA \u2013 Rusya Ba\u015fkan\u0131 Vladimir Putin Rusya&#8217;n\u0131n daha \u00f6nce NATO\u2019yu Irak ve Libya\u2019da bulundu\u011fu hatalar\u0131n sonu\u00e7lar\u0131na kar\u015f\u0131 uyard\u0131\u011f\u0131n\u0131, fakat NATO\u2019nun bu uyar\u0131lara kulak vermeyip Rusya&#8217;y\u0131 Bat\u0131 d\u00fc\u015fmanl\u0131\u011f\u0131yla su\u00e7lad\u0131\u011f\u0131n\u0131 a\u00e7\u0131klad\u0131.<\/p>\n<p>Putin Alman Bild Gazetesine bug\u00fcn yapt\u0131\u011f\u0131 ve Rus RT web haber sitesinin aktard\u0131\u011f\u0131 a\u00e7\u0131klamalar\u0131nda; Rusya&#8217;n\u0131n Irak, Libya ve daha bir\u00e7ok \u00fclkede NATO\u2019nun tutum ve eylemlerine kar\u015f\u0131 \u00e7\u0131kt\u0131\u011f\u0131n\u0131, fakat kimsenin bu konudaki \u00f6nerilerine kulak vermedi\u011fini belirtti. \u015eu anda Bat\u0131l\u0131 devletlerin bu yanl\u0131\u015flar\u0131n sonu\u00e7lar\u0131yla kar\u015f\u0131 kar\u015f\u0131ya olduklar\u0131n\u0131 ifade eden Putin; bir milyon m\u00fcltecinin Avrupa devletlerini soktu\u011fu duruma i\u015faret etti.<\/p>\n","protected":false},"excerpt":{"rendered":"<p>MOSKOVA \u2013 Rusya Ba\u015fkan\u0131 Vladimir Putin Rusya&#8217;n\u0131n daha \u00f6nce NATO\u2019yu Irak ve Libya\u2019da bulundu\u011fu hatalar\u0131n sonu\u00e7lar\u0131na kar\u015f\u0131 uyard\u0131\u011f\u0131n\u0131, fakat NATO\u2019nun bu uyar\u0131lara kulak vermeyip Rusya&#8217;y\u0131 Bat\u0131 d\u00fc\u015fmanl\u0131\u011f\u0131yla su\u00e7lad\u0131\u011f\u0131n\u0131 a\u00e7\u0131klad\u0131. Putin Alman Bild Gazetesine bug\u00fcn yapt\u0131\u011f\u0131 ve Rus RT web haber sitesinin aktard\u0131\u011f\u0131 a\u00e7\u0131klamalar\u0131nda; Rusya&#8217;n\u0131n Irak, Libya ve daha bir\u00e7ok \u00fclkede NATO\u2019nun tutum ve eylemlerine kar\u015f\u0131 &hellip;<\/p>\n","protected":false},"author":1,"featured_media":57529,"comment_status":"closed","ping_status":"closed","sticky":false,"template":"","format":"standard","meta":{"footnotes":""},"categories":[556,458,559,459,17988],"tags":[18496,18495,16592,16744],"class_list":["post-57528","post","type-post","status-publish","format-standard","has-post-thumbnail","","category-basin","category-dunya1","category-dunya-basini","category-haberler-arap-uluslararasi-politika","category-son-haberler","tag-alman-gazetesi","tag-avrupa-ulkeleri","tag-rusya","tag-vladimir-putin"],"_links":{"self":[{"href":"https:\/\/archive.sana.sy\/tr\/index.php?rest_route=\/wp\/v2\/posts\/57528","targetHints":{"allow":["GET"]}}],"collection":[{"href":"https:\/\/archive.sana.sy\/tr\/index.php?rest_route=\/wp\/v2\/posts"}],"about":[{"href":"https:\/\/archive.sana.sy\/tr\/index.php?rest_route=\/wp\/v2\/types\/post"}],"author":[{"embeddable":true,"href":"https:\/\/archive.sana.sy\/tr\/index.php?rest_route=\/wp\/v2\/users\/1"}],"replies":[{"embeddable":true,"href":"https:\/\/archive.sana.sy\/tr\/index.php?rest_route=%2Fwp%2Fv2%2Fcomments&post=57528"}],"version-history":[{"count":0,"href":"https:\/\/archive.sana.sy\/tr\/index.php?rest_route=\/wp\/v2\/posts\/57528\/revisions"}],"wp:featuredmedia":[{"embeddable":true,"href":"https:\/\/archive.sana.sy\/tr\/index.php?rest_route=\/wp\/v2\/media\/57529"}],"wp:attachment":[{"href":"https:\/\/archive.sana.sy\/tr\/index.php?rest_route=%2Fwp%2Fv2%2Fmedia&parent=57528"}],"wp:term":[{"taxonomy":"category","embeddable":true,"href":"https:\/\/archive.sana.sy\/tr\/index.php?rest_route=%2Fwp%2Fv2%2Fcategories&post=57528"},{"taxonomy":"post_tag","embeddable":true,"href":"https:\/\/archive.sana.sy\/tr\/index.php?rest_route=%2Fwp%2Fv2%2Ftags&post=57528"}],"curies":[{"name":"wp","href":"https:\/\/api.w.org\/{rel}","templated":true}]}}