{"id":57531,"date":"2016-01-11T09:21:14","date_gmt":"2016-01-11T07:21:14","guid":{"rendered":"http:\/\/sana.sy\/tr\/?p=57531"},"modified":"2016-01-11T14:22:05","modified_gmt":"2016-01-11T12:22:05","slug":"isidi-destekleyen-devletlere-karsi-koyulmalidir","status":"publish","type":"post","link":"https:\/\/archive.sana.sy\/tr\/?p=57531","title":{"rendered":"I\u015e\u0130D\u2019i Destekleyen Devletlere Kar\u015f\u0131 Koyulmal\u0131d\u0131r"},"content":{"rendered":"<p>TAHRAN \u2013 \u0130ran Milli G\u00fcvenlik Y\u00fcksek Konseyi Sekreteri Ali \u015eemahani; b\u00f6lge ve t\u00fcm d\u00fcnya halklar\u0131na ciddi bir tehdit te\u015fkil eden I\u015e\u0130D ter\u00f6r \u00f6rg\u00fct\u00fcn\u00fc destekleyen devletlere kar\u015f\u0131 b\u00f6lgesel ve uluslar aras\u0131 d\u00fczeyde etkin ve ciddi bir m\u00fccadele verilmesi gere\u011fini vurgulad\u0131.<\/p>\n<p>Alman i\u015fadamlar\u0131, sanayiciler ve t\u00fcccarlardan bir heyetin ba\u015fkanl\u0131\u011f\u0131nda \u0130ran ziyaretine ba\u015flayan Almanya eski Ba\u015fbakan\u0131 Gerhard Schr\u00f6der ile bir araya gelen \u015eemahani; ter\u00f6r\u00fc destekleyen rejimlerin b\u00f6lgede istikrar ve g\u00fcvenli\u011fin sa\u011flanmas\u0131nda yap\u0131c\u0131 bir rol oynamak ile y\u0131k\u0131m ve \u00f6l\u00fcm\u00fc destekleyen rolleri aras\u0131nda bir se\u00e7im yapmalar\u0131 gerekti\u011fini belirtti.<\/p>\n","protected":false},"excerpt":{"rendered":"<p>TAHRAN \u2013 \u0130ran Milli G\u00fcvenlik Y\u00fcksek Konseyi Sekreteri Ali \u015eemahani; b\u00f6lge ve t\u00fcm d\u00fcnya halklar\u0131na ciddi bir tehdit te\u015fkil eden I\u015e\u0130D ter\u00f6r \u00f6rg\u00fct\u00fcn\u00fc destekleyen devletlere kar\u015f\u0131 b\u00f6lgesel ve uluslar aras\u0131 d\u00fczeyde etkin ve ciddi bir m\u00fccadele verilmesi gere\u011fini vurgulad\u0131. Alman i\u015fadamlar\u0131, sanayiciler ve t\u00fcccarlardan bir heyetin ba\u015fkanl\u0131\u011f\u0131nda \u0130ran ziyaretine ba\u015flayan Almanya eski Ba\u015fbakan\u0131 Gerhard Schr\u00f6der &hellip;<\/p>\n","protected":false},"author":1,"featured_media":57533,"comment_status":"closed","ping_status":"closed","sticky":false,"template":"","format":"standard","meta":{"footnotes":""},"categories":[458,459,17988],"tags":[18497],"class_list":["post-57531","post","type-post","status-publish","format-standard","has-post-thumbnail","","category-dunya1","category-haberler-arap-uluslararasi-politika","category-son-haberler","tag-iran-milli-guvenlik-yuksek-konseyi-sekreteri-ali-semahani"],"_links":{"self":[{"href":"https:\/\/archive.sana.sy\/tr\/index.php?rest_route=\/wp\/v2\/posts\/57531","targetHints":{"allow":["GET"]}}],"collection":[{"href":"https:\/\/archive.sana.sy\/tr\/index.php?rest_route=\/wp\/v2\/posts"}],"about":[{"href":"https:\/\/archive.sana.sy\/tr\/index.php?rest_route=\/wp\/v2\/types\/post"}],"author":[{"embeddable":true,"href":"https:\/\/archive.sana.sy\/tr\/index.php?rest_route=\/wp\/v2\/users\/1"}],"replies":[{"embeddable":true,"href":"https:\/\/archive.sana.sy\/tr\/index.php?rest_route=%2Fwp%2Fv2%2Fcomments&post=57531"}],"version-history":[{"count":0,"href":"https:\/\/archive.sana.sy\/tr\/index.php?rest_route=\/wp\/v2\/posts\/57531\/revisions"}],"wp:featuredmedia":[{"embeddable":true,"href":"https:\/\/archive.sana.sy\/tr\/index.php?rest_route=\/wp\/v2\/media\/57533"}],"wp:attachment":[{"href":"https:\/\/archive.sana.sy\/tr\/index.php?rest_route=%2Fwp%2Fv2%2Fmedia&parent=57531"}],"wp:term":[{"taxonomy":"category","embeddable":true,"href":"https:\/\/archive.sana.sy\/tr\/index.php?rest_route=%2Fwp%2Fv2%2Fcategories&post=57531"},{"taxonomy":"post_tag","embeddable":true,"href":"https:\/\/archive.sana.sy\/tr\/index.php?rest_route=%2Fwp%2Fv2%2Ftags&post=57531"}],"curies":[{"name":"wp","href":"https:\/\/api.w.org\/{rel}","templated":true}]}}