{"id":57532,"date":"2016-01-11T08:00:19","date_gmt":"2016-01-11T06:00:19","guid":{"rendered":"http:\/\/sana.sy\/tr\/?p=57532"},"modified":"2016-01-11T14:38:43","modified_gmt":"2016-01-11T12:38:43","slug":"sanaya-aciklama-yapan-askeri-bir-kaynak-ordu-birliklerimizin-bugun-sabah-saatlerinden-itibaren-halep-kirsalinda-han-el-asel-bolgesini-erdogan-ve-suudi-rejimlerine-tabi-teror-cetelerinden-kurt","status":"publish","type":"post","link":"https:\/\/archive.sana.sy\/tr\/?p=57532","title":{"rendered":"SANA\u2019ya a\u00e7\u0131klama yapan askeri bir kaynak ordu birliklerimizin bug\u00fcn sabah saatlerinden itibaren Halep k\u0131rsal\u0131nda Han el Asel B\u00f6lgesini Erdo\u011fan ve Suudi rejimlerine tabi ter\u00f6r \u00e7etelerinden kurtarma ve b\u00f6lge ahalisinin g\u00fcvenli\u011fini sa\u011flama ama\u00e7l\u0131 geni\u015f kapsaml\u0131 askeri operasyon ba\u015flatt\u0131klar\u0131n\u0131 belirtti"},"content":{"rendered":"<p>SANA\u2019ya a\u00e7\u0131klama yapan askeri bir kaynak ordu birliklerimizin bug\u00fcn sabah saatlerinden itibaren Halep k\u0131rsal\u0131nda Han el Asel B\u00f6lgesini Erdo\u011fan ve Suudi rejimlerine tabi ter\u00f6r \u00e7etelerinden kurtarma ve b\u00f6lge ahalisinin g\u00fcvenli\u011fini sa\u011flama ama\u00e7l\u0131 geni\u015f kapsaml\u0131 askeri operasyon ba\u015flatt\u0131klar\u0131n\u0131 belirtti<\/p>\n","protected":false},"excerpt":{"rendered":"<p>SANA\u2019ya a\u00e7\u0131klama yapan askeri bir kaynak ordu birliklerimizin bug\u00fcn sabah saatlerinden itibaren Halep k\u0131rsal\u0131nda Han el Asel B\u00f6lgesini Erdo\u011fan ve Suudi rejimlerine tabi ter\u00f6r \u00e7etelerinden kurtarma ve b\u00f6lge ahalisinin g\u00fcvenli\u011fini sa\u011flama ama\u00e7l\u0131 geni\u015f kapsaml\u0131 askeri operasyon ba\u015flatt\u0131klar\u0131n\u0131 belirtti<\/p>\n","protected":false},"author":1,"featured_media":0,"comment_status":"closed","ping_status":"closed","sticky":false,"template":"","format":"standard","meta":{"footnotes":""},"categories":[17991],"tags":[],"class_list":["post-57532","post","type-post","status-publish","format-standard","","category-son-dakika"],"_links":{"self":[{"href":"https:\/\/archive.sana.sy\/tr\/index.php?rest_route=\/wp\/v2\/posts\/57532","targetHints":{"allow":["GET"]}}],"collection":[{"href":"https:\/\/archive.sana.sy\/tr\/index.php?rest_route=\/wp\/v2\/posts"}],"about":[{"href":"https:\/\/archive.sana.sy\/tr\/index.php?rest_route=\/wp\/v2\/types\/post"}],"author":[{"embeddable":true,"href":"https:\/\/archive.sana.sy\/tr\/index.php?rest_route=\/wp\/v2\/users\/1"}],"replies":[{"embeddable":true,"href":"https:\/\/archive.sana.sy\/tr\/index.php?rest_route=%2Fwp%2Fv2%2Fcomments&post=57532"}],"version-history":[{"count":0,"href":"https:\/\/archive.sana.sy\/tr\/index.php?rest_route=\/wp\/v2\/posts\/57532\/revisions"}],"wp:attachment":[{"href":"https:\/\/archive.sana.sy\/tr\/index.php?rest_route=%2Fwp%2Fv2%2Fmedia&parent=57532"}],"wp:term":[{"taxonomy":"category","embeddable":true,"href":"https:\/\/archive.sana.sy\/tr\/index.php?rest_route=%2Fwp%2Fv2%2Fcategories&post=57532"},{"taxonomy":"post_tag","embeddable":true,"href":"https:\/\/archive.sana.sy\/tr\/index.php?rest_route=%2Fwp%2Fv2%2Ftags&post=57532"}],"curies":[{"name":"wp","href":"https:\/\/api.w.org\/{rel}","templated":true}]}}