{"id":57537,"date":"2016-01-11T11:44:20","date_gmt":"2016-01-11T09:44:20","guid":{"rendered":"http:\/\/sana.sy\/tr\/?p=57537"},"modified":"2016-01-13T19:26:21","modified_gmt":"2016-01-13T17:26:21","slug":"erdogan-cetelerinin-saldirilarinda-3-cocuk-sehit-oldu","status":"publish","type":"post","link":"https:\/\/archive.sana.sy\/tr\/?p=57537","title":{"rendered":"Erdo\u011fan \u00c7etelerinin Sald\u0131r\u0131lar\u0131nda 3 \u00c7ocuk \u015eehit Oldu"},"content":{"rendered":"<p>HALEP \u2013 Halep ve k\u0131rsal\u0131nda T\u00fcrkiye&#8217;de ihvanc\u0131 Erdo\u011fan rejiminin destek ve y\u00f6nlendirmeleriyle faaliyet g\u00f6steren \u00e7okuluslu tekfirci ve hain \u00e7eteler bug\u00fcn yine sivil yerle\u015fim alanlar\u0131na geli\u015fig\u00fczel sald\u0131r\u0131larda bulundular.<\/p>\n<p>Halep Emniyet M\u00fcd\u00fcrl\u00fc\u011f\u00fcnde bir kaynak SANA\u2019ya a\u00e7\u0131klamas\u0131nda Beni Zeyd Semtinde Erdo\u011fan rejimine tabi \u00e7okuluslu ter\u00f6ristlerin Halep Kentinin sivil yerle\u015fim alanlar\u0131ndan E\u015frefiye Semtine geli\u015fig\u00fczel f\u00fcze sald\u0131r\u0131lar\u0131nda bulunduklar\u0131n\u0131 aktar\u0131rken, hain sald\u0131r\u0131lar sonucunda 3 \u00e7ocu\u011fun \u015fehit, 2 vatanda\u015f\u0131n da yaral\u0131 d\u00fc\u015ft\u00fcklerini belirtti.<\/p>\n","protected":false},"excerpt":{"rendered":"<p>HALEP \u2013 Halep ve k\u0131rsal\u0131nda T\u00fcrkiye&#8217;de ihvanc\u0131 Erdo\u011fan rejiminin destek ve y\u00f6nlendirmeleriyle faaliyet g\u00f6steren \u00e7okuluslu tekfirci ve hain \u00e7eteler bug\u00fcn yine sivil yerle\u015fim alanlar\u0131na geli\u015fig\u00fczel sald\u0131r\u0131larda bulundular. Halep Emniyet M\u00fcd\u00fcrl\u00fc\u011f\u00fcnde bir kaynak SANA\u2019ya a\u00e7\u0131klamas\u0131nda Beni Zeyd Semtinde Erdo\u011fan rejimine tabi \u00e7okuluslu ter\u00f6ristlerin Halep Kentinin sivil yerle\u015fim alanlar\u0131ndan E\u015frefiye Semtine geli\u015fig\u00fczel f\u00fcze sald\u0131r\u0131lar\u0131nda bulunduklar\u0131n\u0131 aktar\u0131rken, hain &hellip;<\/p>\n","protected":false},"author":1,"featured_media":57540,"comment_status":"closed","ping_status":"closed","sticky":false,"template":"","format":"standard","meta":{"footnotes":""},"categories":[575,17988],"tags":[3464,18176,18066,18347,18499,18498],"class_list":["post-57537","post","type-post","status-publish","format-standard","has-post-thumbnail","","category-olaylar-ve-gercekler","category-son-haberler","tag-nusra-cephesi","tag-erdogan-ceteleri","tag-erdogan-rejimi","tag-oso","tag-suriye-muhalefeti","tag-suriyede-silahlilar"],"_links":{"self":[{"href":"https:\/\/archive.sana.sy\/tr\/index.php?rest_route=\/wp\/v2\/posts\/57537","targetHints":{"allow":["GET"]}}],"collection":[{"href":"https:\/\/archive.sana.sy\/tr\/index.php?rest_route=\/wp\/v2\/posts"}],"about":[{"href":"https:\/\/archive.sana.sy\/tr\/index.php?rest_route=\/wp\/v2\/types\/post"}],"author":[{"embeddable":true,"href":"https:\/\/archive.sana.sy\/tr\/index.php?rest_route=\/wp\/v2\/users\/1"}],"replies":[{"embeddable":true,"href":"https:\/\/archive.sana.sy\/tr\/index.php?rest_route=%2Fwp%2Fv2%2Fcomments&post=57537"}],"version-history":[{"count":0,"href":"https:\/\/archive.sana.sy\/tr\/index.php?rest_route=\/wp\/v2\/posts\/57537\/revisions"}],"wp:featuredmedia":[{"embeddable":true,"href":"https:\/\/archive.sana.sy\/tr\/index.php?rest_route=\/wp\/v2\/media\/57540"}],"wp:attachment":[{"href":"https:\/\/archive.sana.sy\/tr\/index.php?rest_route=%2Fwp%2Fv2%2Fmedia&parent=57537"}],"wp:term":[{"taxonomy":"category","embeddable":true,"href":"https:\/\/archive.sana.sy\/tr\/index.php?rest_route=%2Fwp%2Fv2%2Fcategories&post=57537"},{"taxonomy":"post_tag","embeddable":true,"href":"https:\/\/archive.sana.sy\/tr\/index.php?rest_route=%2Fwp%2Fv2%2Ftags&post=57537"}],"curies":[{"name":"wp","href":"https:\/\/api.w.org\/{rel}","templated":true}]}}