{"id":57539,"date":"2016-01-11T12:47:45","date_gmt":"2016-01-11T10:47:45","guid":{"rendered":"http:\/\/sana.sy\/tr\/?p=57539"},"modified":"2016-01-11T14:55:02","modified_gmt":"2016-01-11T12:55:02","slug":"askeri-kaynak-sanaya-aciklamasinda-ordu-birliklerimizin-destekci-guclerle-isbirligi-icinde-halep-kentinin-batisi-zeytun-tepesi-ve-hazmer-tepelerini-erdogan-rejimine-tabi-teror-cetelerinden-te","status":"publish","type":"post","link":"https:\/\/archive.sana.sy\/tr\/?p=57539","title":{"rendered":"Askeri kaynak SANA\u2019ya a\u00e7\u0131klamas\u0131nda ordu birliklerimizin destek\u00e7i g\u00fc\u00e7lerle i\u015fbirli\u011fi i\u00e7inde Halep Kentinin bat\u0131s\u0131 Zeytun Tepesi ve Hazmer tepelerini Erdo\u011fan rejimine tabi ter\u00f6r \u00e7etelerinden temzileyip g\u00fcvenlik ve kontrol\u00fc ellerine ge\u00e7irdiklerini aktard\u0131"},"content":{"rendered":"<p>Askeri kaynak SANA\u2019ya a\u00e7\u0131klamas\u0131nda ordu birliklerimizin destek\u00e7i g\u00fc\u00e7lerle i\u015fbirli\u011fi i\u00e7inde Halep Kentinin bat\u0131s\u0131 Zeytun Tepesi ve Hazmer tepelerini Erdo\u011fan rejimine tabi ter\u00f6r \u00e7etelerinden temzileyip g\u00fcvenlik ve kontrol\u00fc ellerine ge\u00e7irdiklerini aktard\u0131<\/p>\n","protected":false},"excerpt":{"rendered":"<p>Askeri kaynak SANA\u2019ya a\u00e7\u0131klamas\u0131nda ordu birliklerimizin destek\u00e7i g\u00fc\u00e7lerle i\u015fbirli\u011fi i\u00e7inde Halep Kentinin bat\u0131s\u0131 Zeytun Tepesi ve Hazmer tepelerini Erdo\u011fan rejimine tabi ter\u00f6r \u00e7etelerinden temzileyip g\u00fcvenlik ve kontrol\u00fc ellerine ge\u00e7irdiklerini aktard\u0131<\/p>\n","protected":false},"author":1,"featured_media":0,"comment_status":"closed","ping_status":"closed","sticky":false,"template":"","format":"standard","meta":{"footnotes":""},"categories":[17991],"tags":[],"class_list":["post-57539","post","type-post","status-publish","format-standard","","category-son-dakika"],"_links":{"self":[{"href":"https:\/\/archive.sana.sy\/tr\/index.php?rest_route=\/wp\/v2\/posts\/57539","targetHints":{"allow":["GET"]}}],"collection":[{"href":"https:\/\/archive.sana.sy\/tr\/index.php?rest_route=\/wp\/v2\/posts"}],"about":[{"href":"https:\/\/archive.sana.sy\/tr\/index.php?rest_route=\/wp\/v2\/types\/post"}],"author":[{"embeddable":true,"href":"https:\/\/archive.sana.sy\/tr\/index.php?rest_route=\/wp\/v2\/users\/1"}],"replies":[{"embeddable":true,"href":"https:\/\/archive.sana.sy\/tr\/index.php?rest_route=%2Fwp%2Fv2%2Fcomments&post=57539"}],"version-history":[{"count":0,"href":"https:\/\/archive.sana.sy\/tr\/index.php?rest_route=\/wp\/v2\/posts\/57539\/revisions"}],"wp:attachment":[{"href":"https:\/\/archive.sana.sy\/tr\/index.php?rest_route=%2Fwp%2Fv2%2Fmedia&parent=57539"}],"wp:term":[{"taxonomy":"category","embeddable":true,"href":"https:\/\/archive.sana.sy\/tr\/index.php?rest_route=%2Fwp%2Fv2%2Fcategories&post=57539"},{"taxonomy":"post_tag","embeddable":true,"href":"https:\/\/archive.sana.sy\/tr\/index.php?rest_route=%2Fwp%2Fv2%2Ftags&post=57539"}],"curies":[{"name":"wp","href":"https:\/\/api.w.org\/{rel}","templated":true}]}}