{"id":57544,"date":"2016-01-11T08:23:43","date_gmt":"2016-01-11T06:23:43","guid":{"rendered":"http:\/\/sana.sy\/tr\/?p=57544"},"modified":"2016-01-11T15:09:08","modified_gmt":"2016-01-11T13:09:08","slug":"derada-ilk-devre-mezun-oldu","status":"publish","type":"post","link":"https:\/\/archive.sana.sy\/tr\/?p=57544","title":{"rendered":"Dera\u2019da \u0130lk Devre Mezun Oldu"},"content":{"rendered":"<p>DERA \u2013 Vatan ve halk\u0131n\u0131 hedef alan \u00e7okuluslu tekfirci ve hain ter\u00f6ristlere kar\u015f\u0131 orduya destek ba\u011flam\u0131nda ba\u015flat\u0131lan kendini koruma e\u011fitim projesi kapsam\u0131nda Dera\u2019da e\u011fitimini tamamlayan ilk devre d\u00fcn mezun oldu.<\/p>\n<p>G\u00f6n\u00fcll\u00fc sivillerin kat\u0131ld\u0131klar\u0131 e\u011fitim devresinde mezunlar ald\u0131klar\u0131 e\u011fitimin bitiminde askeri bir sunum takdim etti.<\/p>\n<p>https:\/\/www.youtube.com\/watch?v=FWrLTZHi6jA<\/p>\n","protected":false},"excerpt":{"rendered":"<p>DERA \u2013 Vatan ve halk\u0131n\u0131 hedef alan \u00e7okuluslu tekfirci ve hain ter\u00f6ristlere kar\u015f\u0131 orduya destek ba\u011flam\u0131nda ba\u015flat\u0131lan kendini koruma e\u011fitim projesi kapsam\u0131nda Dera\u2019da e\u011fitimini tamamlayan ilk devre d\u00fcn mezun oldu. G\u00f6n\u00fcll\u00fc sivillerin kat\u0131ld\u0131klar\u0131 e\u011fitim devresinde mezunlar ald\u0131klar\u0131 e\u011fitimin bitiminde askeri bir sunum takdim etti. https:\/\/www.youtube.com\/watch?v=FWrLTZHi6jA<\/p>\n","protected":false},"author":1,"featured_media":57548,"comment_status":"closed","ping_status":"closed","sticky":false,"template":"","format":"standard","meta":{"footnotes":""},"categories":[596,479,18295,17988,478],"tags":[1295,18500],"class_list":["post-57544","post","type-post","status-publish","format-standard","has-post-thumbnail","","category-fotografli-raporlar","category-haberler-yerel","category-sana-video","category-son-haberler","category-yerel","tag-dera","tag-kendini-koruma-egitimi"],"_links":{"self":[{"href":"https:\/\/archive.sana.sy\/tr\/index.php?rest_route=\/wp\/v2\/posts\/57544","targetHints":{"allow":["GET"]}}],"collection":[{"href":"https:\/\/archive.sana.sy\/tr\/index.php?rest_route=\/wp\/v2\/posts"}],"about":[{"href":"https:\/\/archive.sana.sy\/tr\/index.php?rest_route=\/wp\/v2\/types\/post"}],"author":[{"embeddable":true,"href":"https:\/\/archive.sana.sy\/tr\/index.php?rest_route=\/wp\/v2\/users\/1"}],"replies":[{"embeddable":true,"href":"https:\/\/archive.sana.sy\/tr\/index.php?rest_route=%2Fwp%2Fv2%2Fcomments&post=57544"}],"version-history":[{"count":0,"href":"https:\/\/archive.sana.sy\/tr\/index.php?rest_route=\/wp\/v2\/posts\/57544\/revisions"}],"wp:featuredmedia":[{"embeddable":true,"href":"https:\/\/archive.sana.sy\/tr\/index.php?rest_route=\/wp\/v2\/media\/57548"}],"wp:attachment":[{"href":"https:\/\/archive.sana.sy\/tr\/index.php?rest_route=%2Fwp%2Fv2%2Fmedia&parent=57544"}],"wp:term":[{"taxonomy":"category","embeddable":true,"href":"https:\/\/archive.sana.sy\/tr\/index.php?rest_route=%2Fwp%2Fv2%2Fcategories&post=57544"},{"taxonomy":"post_tag","embeddable":true,"href":"https:\/\/archive.sana.sy\/tr\/index.php?rest_route=%2Fwp%2Fv2%2Ftags&post=57544"}],"curies":[{"name":"wp","href":"https:\/\/api.w.org\/{rel}","templated":true}]}}