{"id":57560,"date":"2016-01-11T16:45:48","date_gmt":"2016-01-11T14:45:48","guid":{"rendered":"http:\/\/sana.sy\/tr\/?p=57560"},"modified":"2016-01-12T09:45:23","modified_gmt":"2016-01-12T07:45:23","slug":"madaya-beldesine-giden-insani-yardim-konvoyu","status":"publish","type":"post","link":"https:\/\/archive.sana.sy\/tr\/?p=57560","title":{"rendered":"Madaya Beldesine Giden \u0130nsani Yard\u0131m Konvoyu"},"content":{"rendered":"<p>\u015eAM KIRSALI \u2013 Suriye K\u0131z\u0131lay \u00d6rg\u00fct\u00fc, Uluslararas\u0131 K\u0131z\u0131lha\u00e7 \u00d6rg\u00fct\u00fc ve BM denetimi alt\u0131nda \u015eam k\u0131rsal\u0131 Madaya Beldesine insani yard\u0131m konvoyu g\u00f6nderildi.<\/p>\n<p>\u0130nsani yard\u0131mlarda muhtelif t\u00fcr g\u0131da maddelerinin yan\u0131 s\u0131ra ila\u00e7 ve t\u0131bbi gereksinimler bulunuyor.<\/p>\n<p>https:\/\/www.youtube.com\/watch?v=LL2_jYdtPgE<\/p>\n","protected":false},"excerpt":{"rendered":"<p>\u015eAM KIRSALI \u2013 Suriye K\u0131z\u0131lay \u00d6rg\u00fct\u00fc, Uluslararas\u0131 K\u0131z\u0131lha\u00e7 \u00d6rg\u00fct\u00fc ve BM denetimi alt\u0131nda \u015eam k\u0131rsal\u0131 Madaya Beldesine insani yard\u0131m konvoyu g\u00f6nderildi. \u0130nsani yard\u0131mlarda muhtelif t\u00fcr g\u0131da maddelerinin yan\u0131 s\u0131ra ila\u00e7 ve t\u0131bbi gereksinimler bulunuyor. https:\/\/www.youtube.com\/watch?v=LL2_jYdtPgE<\/p>\n","protected":false},"author":1,"featured_media":57562,"comment_status":"closed","ping_status":"closed","sticky":false,"template":"","format":"standard","meta":{"footnotes":""},"categories":[596,479,18295,17988,478],"tags":[18446,18176,18448,18488,18445],"class_list":["post-57560","post","type-post","status-publish","format-standard","has-post-thumbnail","","category-fotografli-raporlar","category-haberler-yerel","category-sana-video","category-son-haberler","category-yerel","tag-aclik","tag-erdogan-ceteleri","tag-insani-yardim","tag-konvoy","tag-madaya-beldesi"],"_links":{"self":[{"href":"https:\/\/archive.sana.sy\/tr\/index.php?rest_route=\/wp\/v2\/posts\/57560","targetHints":{"allow":["GET"]}}],"collection":[{"href":"https:\/\/archive.sana.sy\/tr\/index.php?rest_route=\/wp\/v2\/posts"}],"about":[{"href":"https:\/\/archive.sana.sy\/tr\/index.php?rest_route=\/wp\/v2\/types\/post"}],"author":[{"embeddable":true,"href":"https:\/\/archive.sana.sy\/tr\/index.php?rest_route=\/wp\/v2\/users\/1"}],"replies":[{"embeddable":true,"href":"https:\/\/archive.sana.sy\/tr\/index.php?rest_route=%2Fwp%2Fv2%2Fcomments&post=57560"}],"version-history":[{"count":0,"href":"https:\/\/archive.sana.sy\/tr\/index.php?rest_route=\/wp\/v2\/posts\/57560\/revisions"}],"wp:featuredmedia":[{"embeddable":true,"href":"https:\/\/archive.sana.sy\/tr\/index.php?rest_route=\/wp\/v2\/media\/57562"}],"wp:attachment":[{"href":"https:\/\/archive.sana.sy\/tr\/index.php?rest_route=%2Fwp%2Fv2%2Fmedia&parent=57560"}],"wp:term":[{"taxonomy":"category","embeddable":true,"href":"https:\/\/archive.sana.sy\/tr\/index.php?rest_route=%2Fwp%2Fv2%2Fcategories&post=57560"},{"taxonomy":"post_tag","embeddable":true,"href":"https:\/\/archive.sana.sy\/tr\/index.php?rest_route=%2Fwp%2Fv2%2Ftags&post=57560"}],"curies":[{"name":"wp","href":"https:\/\/api.w.org\/{rel}","templated":true}]}}