{"id":57620,"date":"2016-01-12T09:19:27","date_gmt":"2016-01-12T07:19:27","guid":{"rendered":"http:\/\/sana.sy\/tr\/?p=57620"},"modified":"2016-01-12T13:37:16","modified_gmt":"2016-01-12T11:37:16","slug":"aralarinda-tehlikeli-isimlerin-bulundugu-kayiplarini-itiraf-ettiler","status":"publish","type":"post","link":"https:\/\/archive.sana.sy\/tr\/?p=57620","title":{"rendered":"Aralar\u0131nda Tehlikeli \u0130simlerin Bulundu\u011fu Kay\u0131plar\u0131n\u0131 \u0130tiraf Ettiler"},"content":{"rendered":"<p>DERA \u2013 Dera\u2019da \u0130srail deste\u011fi ve y\u00f6nlendirmeleriyle faaliyet g\u00f6steren ter\u00f6ristler aralar\u0131nda tehlikeli isimlerin bulundu\u011fu bir\u00e7ok ter\u00f6ristin \u00f6ld\u00fc\u011f\u00fcn\u00fc itiraf etti.<\/p>\n<p>Ter\u00f6ristler medya ara\u00e7lar\u0131nda Dera Kentinin yakla\u015f\u0131k 10 km g\u00fcneydo\u011fusuna d\u00fc\u015fen Um el Meyazin Beldesinde me\u00e7hul ki\u015filerin a\u00e7t\u0131klar\u0131 ate\u015f sonucunda Kaide \u00d6rg\u00fct\u00fcn\u00fcn Suriye kolu Nusra Cephesinin en bariz komutanlar\u0131ndan biri say\u0131lan ve \u2018Horan b\u00f6lge sorumlusu\u2019 olarak adland\u0131rd\u0131klar\u0131 \u2018Ba\u015fik\u2019 lakapl\u0131 \u2018Ebu Ra\u011fd\u2019in \u00f6ld\u00fc\u011f\u00fcn\u00fc ifade etti.<\/p>\n<p>\u015eeyh Meskin Beldesinde de ara\u00e7 ve cephaneleriyle ciddi kay\u0131plar verdiklerini itiraf eden ter\u00f6ristler; \u2018\u0130zzet Horan T\u00fcmeni\u2019 adl\u0131 \u00e7etelerin saha komutanlar\u0131ndan M\u00fcnir Osman el M\u00fczib\u2019i ve daha ba\u015fka tehlikeli isimlerin bulundu\u011fu bir\u00e7ok ter\u00f6ristinin \u00f6ld\u00fc\u011f\u00fcn\u00fc kaydetti.<\/p>\n","protected":false},"excerpt":{"rendered":"<p>DERA \u2013 Dera\u2019da \u0130srail deste\u011fi ve y\u00f6nlendirmeleriyle faaliyet g\u00f6steren ter\u00f6ristler aralar\u0131nda tehlikeli isimlerin bulundu\u011fu bir\u00e7ok ter\u00f6ristin \u00f6ld\u00fc\u011f\u00fcn\u00fc itiraf etti. Ter\u00f6ristler medya ara\u00e7lar\u0131nda Dera Kentinin yakla\u015f\u0131k 10 km g\u00fcneydo\u011fusuna d\u00fc\u015fen Um el Meyazin Beldesinde me\u00e7hul ki\u015filerin a\u00e7t\u0131klar\u0131 ate\u015f sonucunda Kaide \u00d6rg\u00fct\u00fcn\u00fcn Suriye kolu Nusra Cephesinin en bariz komutanlar\u0131ndan biri say\u0131lan ve \u2018Horan b\u00f6lge sorumlusu\u2019 olarak adland\u0131rd\u0131klar\u0131 &hellip;<\/p>\n","protected":false},"author":1,"featured_media":57647,"comment_status":"closed","ping_status":"closed","sticky":false,"template":"","format":"standard","meta":{"footnotes":""},"categories":[479,575,17988,478],"tags":[3464,18517,4663,18518,17320,2930],"class_list":["post-57620","post","type-post","status-publish","format-standard","has-post-thumbnail","","category-haberler-yerel","category-olaylar-ve-gercekler","category-son-haberler","category-yerel","tag-nusra-cephesi","tag-muhalefet","tag-seyh-meskin","tag-silahlilar","tag-tekfirciler","tag-teroristler"],"_links":{"self":[{"href":"https:\/\/archive.sana.sy\/tr\/index.php?rest_route=\/wp\/v2\/posts\/57620","targetHints":{"allow":["GET"]}}],"collection":[{"href":"https:\/\/archive.sana.sy\/tr\/index.php?rest_route=\/wp\/v2\/posts"}],"about":[{"href":"https:\/\/archive.sana.sy\/tr\/index.php?rest_route=\/wp\/v2\/types\/post"}],"author":[{"embeddable":true,"href":"https:\/\/archive.sana.sy\/tr\/index.php?rest_route=\/wp\/v2\/users\/1"}],"replies":[{"embeddable":true,"href":"https:\/\/archive.sana.sy\/tr\/index.php?rest_route=%2Fwp%2Fv2%2Fcomments&post=57620"}],"version-history":[{"count":0,"href":"https:\/\/archive.sana.sy\/tr\/index.php?rest_route=\/wp\/v2\/posts\/57620\/revisions"}],"wp:featuredmedia":[{"embeddable":true,"href":"https:\/\/archive.sana.sy\/tr\/index.php?rest_route=\/wp\/v2\/media\/57647"}],"wp:attachment":[{"href":"https:\/\/archive.sana.sy\/tr\/index.php?rest_route=%2Fwp%2Fv2%2Fmedia&parent=57620"}],"wp:term":[{"taxonomy":"category","embeddable":true,"href":"https:\/\/archive.sana.sy\/tr\/index.php?rest_route=%2Fwp%2Fv2%2Fcategories&post=57620"},{"taxonomy":"post_tag","embeddable":true,"href":"https:\/\/archive.sana.sy\/tr\/index.php?rest_route=%2Fwp%2Fv2%2Ftags&post=57620"}],"curies":[{"name":"wp","href":"https:\/\/api.w.org\/{rel}","templated":true}]}}