{"id":57624,"date":"2016-01-12T19:15:47","date_gmt":"2016-01-12T17:15:47","guid":{"rendered":"http:\/\/www.sana.sy\/tr\/?p=57624"},"modified":"2016-01-13T17:24:43","modified_gmt":"2016-01-13T15:24:43","slug":"ordu-kontrolundeki-bolgeleri-genisletirken-teroristleri-de-agir-kayiplara-ugratiyor","status":"publish","type":"post","link":"https:\/\/archive.sana.sy\/tr\/?p=57624","title":{"rendered":"Ordu Kontrol\u00fcndeki B\u00f6lgeleri Geni\u015fletirken Ter\u00f6ristleri de A\u011f\u0131r Kay\u0131plara U\u011frat\u0131yor"},"content":{"rendered":"<p>\u0130LLER \u2013 Ba\u015fta Erdo\u011fan, Suudi ve Katar rejimleri taraf\u0131ndan s\u0131n\u0131rs\u0131z bir \u015fekilde desteklenip y\u00f6nlendirilen \u00e7okuluslu tekfirciler ve hainlerin \u00f6n\u00fcndeki tek yolun bertaraf olmalar\u0131 oldu\u011funu kararl\u0131l\u0131kla kan\u0131tlayan ordu birliklerimiz muhtelif b\u00f6lgelerde kontrolleri alt\u0131ndaki b\u00f6lgeleri geni\u015fletirken ter\u00f6ristleri say\u0131 ve ekipmanlar\u0131yla a\u011f\u0131r kay\u0131plara u\u011fratmaya devam ediyor.<\/p>\n<p><span style=\"color: #0000ff\">LAZK\u0130YE:<\/span><\/p>\n<p>Ordu birliklerimiz Lazkiye k\u0131rsal\u0131n\u0131n kuzeyinde Erdo\u011fan rejiminden destek ve komuta alan \u00e7okuluslu tekfirci ve hain ter\u00f6ristlere kar\u015f\u0131 operasyonlar\u0131nda yeni ilerlemeler kaydederken Selma Beldesinin g\u00fcneydo\u011fu banliy\u00f6s\u00fc ve belde civar\u0131ndaki bir dizi tepeyi kontrol\u00fcne ge\u00e7irdiler.<\/p>\n<p>Saha kaynaklar\u0131 SANA\u2019ya a\u00e7\u0131klamalar\u0131nda halk savunma g\u00fc\u00e7leriyle i\u015fbirli\u011fi i\u00e7inde y\u00fcr\u00fct\u00fclen operasyonlarda Selma Beldesinin g\u00fcneydo\u011fu banlisy\u00f6s\u00fcn\u00fcn yan\u0131 s\u0131ra Cirn el Kale, R\u00fcveyset el Kale, \u015eiy\u015f el Kadi, Dahr el Adra, R\u00fcveyset el Tuyur, Tel el Karakifi ve Tirtyah K\u00f6y\u00fc b\u00f6lgelerini Erdo\u011fan rejimine tabi ter\u00f6r \u00e7etelerinden temizleyip g\u00fcvenlik ve kontrol\u00fc ellerine ge\u00e7irdiklerini belirtti.<\/p>\n<p>Kaynaklar; ordu birliklerimizin arama tarama operasyonlar\u0131nda kontrol alt\u0131na al\u0131nan b\u00f6lgelerde ter\u00f6ristlerin etkisizle\u015ftirilmeden \u00f6nce yerle\u015ftirdikleri \u00e7ok say\u0131da may\u0131n ve bomba d\u00fczeneklerini etkisizle\u015ftirdiklerini aktard\u0131.<\/p>\n<p>SANA\u2019ya a\u00e7\u0131klama yapan askeri bir kaynak ordu birliklerimizin halk savunma g\u00fc\u00e7leriyle i\u015fbirli\u011fi i\u00e7inde Lazkiye k\u0131rsal\u0131n\u0131n kuzeyinde Erdo\u011fan \u00e7etelerini a\u011f\u0131r kay\u0131plara u\u011fratmalar\u0131 ard\u0131ndan ana karargahlar\u0131ndan biri say\u0131lan Selma Beldesi ve civar\u0131ndaki tepeleri kontrollerine ge\u00e7irdiklerini belirtti.<\/p>\n<p>https:\/\/www.youtube.com\/watch?v=aBu1hJMbY6A<\/p>\n<p><span style=\"color: #0000ff\">DERA:<\/span><\/p>\n<p>Askeri kaynak SANA\u2019ya a\u00e7\u0131klamas\u0131nda; Dera ve k\u0131rsal\u0131nda ise \u0130srail\u2019den destek alan Nusra Cephesi ve di\u011fer ter\u00f6r \u00f6rg\u00fctlere y\u00f6nelik operasyonlar\u0131n\u0131 s\u00fcrd\u00fcren ordu birliklerimizin; Dera Mahatta B\u00f6lgesinde ter\u00f6ristlerin siper ve komuta karargahlar\u0131n\u0131 tamam\u0131yla imha ettiklerini ifade etti.<\/p>\n<p>Kaynak; Dera Beled\u2019te de ordu birliklerimizin radikal ter\u00f6ristleri say\u0131 ve te\u00e7hizatlar\u0131yla a\u011f\u0131r kay\u0131plara u\u011fratt\u0131klar\u0131n\u0131 s\u00f6zlerine ekledi.<\/p>\n<p>Ordu birliklerimizin Dera Kentinin yakla\u015f\u0131k 4 km kuzeyine d\u00fc\u015fen Etman Beldesinde Nusra Cephesi ve \u00e7at\u0131s\u0131 alt\u0131nda bulunan ter\u00f6r \u00f6rg\u00fctlerin yuva ve k\u00fcmelenme yerlerini hedef ald\u0131klar\u0131n\u0131 belirten kaynak; buralarda da \u00e7ok say\u0131da ter\u00f6risti \u00f6l\u00fc ve yaral\u0131 d\u00fc\u015f\u00fcrd\u00fcklerini s\u00f6yledi.<\/p>\n<p><span style=\"color: #0000ff\">HAMA:<\/span><\/p>\n<p>Hama k\u0131rsal\u0131n\u0131n g\u00fcneyinde ise \u2018Fetih Ordusu\u2019 ad\u0131 alt\u0131nda ter\u00f6r ve tekfircilik estiren Erdo\u011fan ve Suudi rejimlerine tabi ter\u00f6r \u00e7etelerinin de a\u011f\u0131r kay\u0131plara u\u011frat\u0131ld\u0131klar\u0131n\u0131 belirten askeri kaynak; vatan koruyucular\u0131m\u0131z\u0131n Cercisa Beldesi ve Resten G\u00f6l\u00fcn\u00fcn kuzeyini ter\u00f6ristlerden temizleyip g\u00fcvenli\u011fi sa\u011flad\u0131klar\u0131n\u0131 aktard\u0131.<\/p>\n<p>Kaynak operasyonlar s\u0131ras\u0131nda bir grup ter\u00f6ristin silahlar\u0131yla birlikte ordu birliklerimize teslim olduklar\u0131n\u0131 belirtti.<\/p>\n<p><span style=\"color: #0000ff\">HALEP:<\/span><\/p>\n<p>Halep ve k\u0131rsal\u0131nda T\u00fcrkiye ve Suudi rejimlerinin destek ve talimatlar\u0131yla ter\u00f6r estiren \u00e7okuluslu tekfirciler ve hain ter\u00f6ristlere kar\u015f\u0131 operasyonlar\u0131n ba\u015far\u0131yla devam etti\u011fini belirten askeri kaynak; kentin sivil yerle\u015fim alanlar\u0131na geli\u015fig\u00fczel f\u00fczelerle sald\u0131ran Beni Zeyd ve Leyramun semtlerindeki tekfircilerin iki a\u011f\u0131r z\u0131rhl\u0131 arac\u0131n\u0131 imha ederken saflar\u0131nda kay\u0131plara yol a\u00e7t\u0131klar\u0131n\u0131 ifade etti.<\/p>\n<p>Ak\u015fam saatlerinde a\u00e7\u0131klama yapan bir kaynak; ordu birliklerimizin Halep Kentinin bat\u0131 kenarlar\u0131na d\u00fc\u015fen el Mansura K\u00f6y\u00fc, Bilimsel Ara\u015ft\u0131rmalar \u00e7evresi ve Gazeteciler Cemiyeti b\u00f6lgelerinde Nusra Cephesine y\u00f6nelik nitelikli operasyonlar ger\u00e7ekle\u015ftirdiklerini aktard\u0131. Kaynak; operasyonlarda bir\u00e7ok ter\u00f6ristin \u00f6ld\u00fcr\u00fcl\u00fcp cephane y\u00fckl\u00fc olan ve muhtelif t\u00fcr silahlarla donat\u0131lm\u0131\u015f ara\u00e7lar\u0131n\u0131n yok edildi\u011fine dikkat \u00e7ekti.<\/p>\n<p>Halep k\u0131rsal\u0131n\u0131n do\u011fusu el Bab Kenti ve Tadef Beldesinde de ordu birliklerimizin I\u015e\u0130D ter\u00f6r \u00f6rg\u00fct\u00fcne ait toplanma yerleri ve mevkilerini yo\u011fun ate\u015fe tutuklar\u0131n\u0131 s\u00f6yleyen kaynak; buralarda da \u00e7ok say\u0131da ter\u00f6risti su\u00e7 edatlar\u0131yla birlikte etkisizle\u015ftirdiklerini aktard\u0131.<\/p>\n<p>Bu arada ter\u00f6r \u00e7eteleri medya ara\u00e7lar\u0131nda aralar\u0131nda tehlikeli isimlerin bulundu\u011fu bir\u00e7ok ter\u00f6ristin \u00f6ld\u00fcr\u00fcld\u00fc\u011f\u00fcn\u00fc itiraf etti.<\/p>\n<p><span style=\"color: #0000ff\">HOMS:<\/span><\/p>\n<p>Askeri kaynak SANA muhabirine a\u00e7\u0131klamas\u0131nda; ordu birliklerimizin Homs k\u0131rsal\u0131n\u0131n kuzeyi Helmuz B\u00f6lgesinde ter\u00f6ristleri s\u0131k\u0131 bir pusuya d\u00fc\u015f\u00fcrd\u00fcklerini aktar\u0131rken pusuda en az 20 ter\u00f6risti \u00f6ld\u00fcrd\u00fcklerini a\u00e7\u0131klad\u0131.<\/p>\n<p>M.M. &#8211; R.H.<\/p>\n","protected":false},"excerpt":{"rendered":"<p>\u0130LLER \u2013 Ba\u015fta Erdo\u011fan, Suudi ve Katar rejimleri taraf\u0131ndan s\u0131n\u0131rs\u0131z bir \u015fekilde desteklenip y\u00f6nlendirilen \u00e7okuluslu tekfirciler ve hainlerin \u00f6n\u00fcndeki tek yolun bertaraf olmalar\u0131 oldu\u011funu kararl\u0131l\u0131kla kan\u0131tlayan ordu birliklerimiz muhtelif b\u00f6lgelerde kontrolleri alt\u0131ndaki b\u00f6lgeleri geni\u015fletirken ter\u00f6ristleri say\u0131 ve ekipmanlar\u0131yla a\u011f\u0131r kay\u0131plara u\u011fratmaya devam ediyor. LAZK\u0130YE: Ordu birliklerimiz Lazkiye k\u0131rsal\u0131n\u0131n kuzeyinde Erdo\u011fan rejiminden destek ve komuta alan &hellip;<\/p>\n","protected":false},"author":1,"featured_media":57625,"comment_status":"closed","ping_status":"closed","sticky":false,"template":"","format":"standard","meta":{"footnotes":""},"categories":[575],"tags":[18515],"class_list":["post-57624","post","type-post","status-publish","format-standard","has-post-thumbnail","","category-olaylar-ve-gercekler","tag-ordu-kontrolundeki-bolgeleri-genisletirken-teroristleri-de-agir-kayiplara-ugratiyor"],"_links":{"self":[{"href":"https:\/\/archive.sana.sy\/tr\/index.php?rest_route=\/wp\/v2\/posts\/57624","targetHints":{"allow":["GET"]}}],"collection":[{"href":"https:\/\/archive.sana.sy\/tr\/index.php?rest_route=\/wp\/v2\/posts"}],"about":[{"href":"https:\/\/archive.sana.sy\/tr\/index.php?rest_route=\/wp\/v2\/types\/post"}],"author":[{"embeddable":true,"href":"https:\/\/archive.sana.sy\/tr\/index.php?rest_route=\/wp\/v2\/users\/1"}],"replies":[{"embeddable":true,"href":"https:\/\/archive.sana.sy\/tr\/index.php?rest_route=%2Fwp%2Fv2%2Fcomments&post=57624"}],"version-history":[{"count":0,"href":"https:\/\/archive.sana.sy\/tr\/index.php?rest_route=\/wp\/v2\/posts\/57624\/revisions"}],"wp:featuredmedia":[{"embeddable":true,"href":"https:\/\/archive.sana.sy\/tr\/index.php?rest_route=\/wp\/v2\/media\/57625"}],"wp:attachment":[{"href":"https:\/\/archive.sana.sy\/tr\/index.php?rest_route=%2Fwp%2Fv2%2Fmedia&parent=57624"}],"wp:term":[{"taxonomy":"category","embeddable":true,"href":"https:\/\/archive.sana.sy\/tr\/index.php?rest_route=%2Fwp%2Fv2%2Fcategories&post=57624"},{"taxonomy":"post_tag","embeddable":true,"href":"https:\/\/archive.sana.sy\/tr\/index.php?rest_route=%2Fwp%2Fv2%2Ftags&post=57624"}],"curies":[{"name":"wp","href":"https:\/\/api.w.org\/{rel}","templated":true}]}}