{"id":57653,"date":"2016-01-12T10:05:20","date_gmt":"2016-01-12T08:05:20","guid":{"rendered":"http:\/\/sana.sy\/tr\/?p=57653"},"modified":"2016-01-12T14:53:12","modified_gmt":"2016-01-12T12:53:12","slug":"suriye-ve-iran-arasindaki-stratejik-iliskilerin-masaya-yatirildigi-gorusmede-bolge-ve-tum-dunyayi-tehdit-eden-terorle-mucadele-basta-olmak-uzere-bircok-alandaki-ikili-isbirligi-de-degerlendirildi","status":"publish","type":"post","link":"https:\/\/archive.sana.sy\/tr\/?p=57653","title":{"rendered":"Suriye ve \u0130ran aras\u0131ndaki stratejik ili\u015fkilerin masaya yat\u0131r\u0131ld\u0131\u011f\u0131 g\u00f6r\u00fc\u015fmede b\u00f6lge ve t\u00fcm d\u00fcnyay\u0131 tehdit eden ter\u00f6rle m\u00fccadele ba\u015fta olmak \u00fczere bir\u00e7ok alandaki ikili i\u015fbirli\u011fi de de\u011ferlendirildi"},"content":{"rendered":"<p>Suriye ve \u0130ran aras\u0131ndaki stratejik ili\u015fkilerin masaya yat\u0131r\u0131ld\u0131\u011f\u0131 g\u00f6r\u00fc\u015fmede b\u00f6lge ve t\u00fcm d\u00fcnyay\u0131 tehdit eden ter\u00f6rle m\u00fccadele ba\u015fta olmak \u00fczere bir\u00e7ok alandaki ikili i\u015fbirli\u011fi de de\u011ferlendirildi<\/p>\n","protected":false},"excerpt":{"rendered":"<p>Suriye ve \u0130ran aras\u0131ndaki stratejik ili\u015fkilerin masaya yat\u0131r\u0131ld\u0131\u011f\u0131 g\u00f6r\u00fc\u015fmede b\u00f6lge ve t\u00fcm d\u00fcnyay\u0131 tehdit eden ter\u00f6rle m\u00fccadele ba\u015fta olmak \u00fczere bir\u00e7ok alandaki ikili i\u015fbirli\u011fi de de\u011ferlendirildi<\/p>\n","protected":false},"author":1,"featured_media":0,"comment_status":"closed","ping_status":"closed","sticky":false,"template":"","format":"standard","meta":{"footnotes":""},"categories":[17991],"tags":[],"class_list":["post-57653","post","type-post","status-publish","format-standard","","category-son-dakika"],"_links":{"self":[{"href":"https:\/\/archive.sana.sy\/tr\/index.php?rest_route=\/wp\/v2\/posts\/57653","targetHints":{"allow":["GET"]}}],"collection":[{"href":"https:\/\/archive.sana.sy\/tr\/index.php?rest_route=\/wp\/v2\/posts"}],"about":[{"href":"https:\/\/archive.sana.sy\/tr\/index.php?rest_route=\/wp\/v2\/types\/post"}],"author":[{"embeddable":true,"href":"https:\/\/archive.sana.sy\/tr\/index.php?rest_route=\/wp\/v2\/users\/1"}],"replies":[{"embeddable":true,"href":"https:\/\/archive.sana.sy\/tr\/index.php?rest_route=%2Fwp%2Fv2%2Fcomments&post=57653"}],"version-history":[{"count":0,"href":"https:\/\/archive.sana.sy\/tr\/index.php?rest_route=\/wp\/v2\/posts\/57653\/revisions"}],"wp:attachment":[{"href":"https:\/\/archive.sana.sy\/tr\/index.php?rest_route=%2Fwp%2Fv2%2Fmedia&parent=57653"}],"wp:term":[{"taxonomy":"category","embeddable":true,"href":"https:\/\/archive.sana.sy\/tr\/index.php?rest_route=%2Fwp%2Fv2%2Fcategories&post=57653"},{"taxonomy":"post_tag","embeddable":true,"href":"https:\/\/archive.sana.sy\/tr\/index.php?rest_route=%2Fwp%2Fv2%2Ftags&post=57653"}],"curies":[{"name":"wp","href":"https:\/\/api.w.org\/{rel}","templated":true}]}}