{"id":57655,"date":"2016-01-12T10:10:00","date_gmt":"2016-01-12T08:10:00","guid":{"rendered":"http:\/\/sana.sy\/tr\/?p=57655"},"modified":"2016-01-12T14:53:42","modified_gmt":"2016-01-12T12:53:42","slug":"cumhurbaskani-el-esad-iran-ve-rusya-gibi-dost-ulkelerin-suriyenin-bes-yila-yakin-suredir-maruz-kaldigi-evrensel-savasa-karsi-mucadelesini-pekistirdiklerine-dikkat-cekerken-terorle-mucadelede","status":"publish","type":"post","link":"https:\/\/archive.sana.sy\/tr\/?p=57655","title":{"rendered":"Cumhurba\u015fkan\u0131 el Esad \u0130ran ve Rusya gibi dost \u00fclkelerin Suriye\u2019nin be\u015f y\u0131la yak\u0131n s\u00fcredir maruz kald\u0131\u011f\u0131 evrensel sava\u015fa kar\u015f\u0131 m\u00fccadelesini peki\u015ftirdiklerine dikkat \u00e7ekerken ter\u00f6rle m\u00fccadelede sa\u011flanan ba\u015far\u0131larda bu devletlerin katk\u0131lar\u0131 oldu\u011funu ifade etti"},"content":{"rendered":"<p>Cumhurba\u015fkan\u0131 el Esad \u0130ran ve Rusya gibi dost \u00fclkelerin Suriye\u2019nin be\u015f y\u0131la yak\u0131n s\u00fcredir maruz kald\u0131\u011f\u0131 evrensel sava\u015fa kar\u015f\u0131 m\u00fccadelesini peki\u015ftirdiklerine dikkat \u00e7ekerken ter\u00f6rle m\u00fccadelede sa\u011flanan ba\u015far\u0131larda bu devletlerin katk\u0131lar\u0131 oldu\u011funu ifade etti<\/p>\n","protected":false},"excerpt":{"rendered":"<p>Cumhurba\u015fkan\u0131 el Esad \u0130ran ve Rusya gibi dost \u00fclkelerin Suriye\u2019nin be\u015f y\u0131la yak\u0131n s\u00fcredir maruz kald\u0131\u011f\u0131 evrensel sava\u015fa kar\u015f\u0131 m\u00fccadelesini peki\u015ftirdiklerine dikkat \u00e7ekerken ter\u00f6rle m\u00fccadelede sa\u011flanan ba\u015far\u0131larda bu devletlerin katk\u0131lar\u0131 oldu\u011funu ifade etti<\/p>\n","protected":false},"author":1,"featured_media":0,"comment_status":"closed","ping_status":"closed","sticky":false,"template":"","format":"standard","meta":{"footnotes":""},"categories":[17991],"tags":[],"class_list":["post-57655","post","type-post","status-publish","format-standard","","category-son-dakika"],"_links":{"self":[{"href":"https:\/\/archive.sana.sy\/tr\/index.php?rest_route=\/wp\/v2\/posts\/57655","targetHints":{"allow":["GET"]}}],"collection":[{"href":"https:\/\/archive.sana.sy\/tr\/index.php?rest_route=\/wp\/v2\/posts"}],"about":[{"href":"https:\/\/archive.sana.sy\/tr\/index.php?rest_route=\/wp\/v2\/types\/post"}],"author":[{"embeddable":true,"href":"https:\/\/archive.sana.sy\/tr\/index.php?rest_route=\/wp\/v2\/users\/1"}],"replies":[{"embeddable":true,"href":"https:\/\/archive.sana.sy\/tr\/index.php?rest_route=%2Fwp%2Fv2%2Fcomments&post=57655"}],"version-history":[{"count":0,"href":"https:\/\/archive.sana.sy\/tr\/index.php?rest_route=\/wp\/v2\/posts\/57655\/revisions"}],"wp:attachment":[{"href":"https:\/\/archive.sana.sy\/tr\/index.php?rest_route=%2Fwp%2Fv2%2Fmedia&parent=57655"}],"wp:term":[{"taxonomy":"category","embeddable":true,"href":"https:\/\/archive.sana.sy\/tr\/index.php?rest_route=%2Fwp%2Fv2%2Fcategories&post=57655"},{"taxonomy":"post_tag","embeddable":true,"href":"https:\/\/archive.sana.sy\/tr\/index.php?rest_route=%2Fwp%2Fv2%2Ftags&post=57655"}],"curies":[{"name":"wp","href":"https:\/\/api.w.org\/{rel}","templated":true}]}}