{"id":57661,"date":"2016-01-12T10:40:35","date_gmt":"2016-01-12T08:40:35","guid":{"rendered":"http:\/\/sana.sy\/tr\/?p=57661"},"modified":"2016-01-12T14:55:19","modified_gmt":"2016-01-12T12:55:19","slug":"saha-kaynaklari-sanaya-aciklamalarinda-halk-savunma-gucleriyle-isbirligi-icinde-yurutulen-operasyonlarda-selma-beldesinin-guneydogu-banlisyosunun-yani-sira-cirn-el-kale-ruveyset-el-kale-siy","status":"publish","type":"post","link":"https:\/\/archive.sana.sy\/tr\/?p=57661","title":{"rendered":"Saha kaynaklar\u0131 SANA\u2019ya a\u00e7\u0131klamalar\u0131nda halk savunma g\u00fc\u00e7leriyle i\u015fbirli\u011fi i\u00e7inde y\u00fcr\u00fct\u00fclen operasyonlarda Selma Beldesinin g\u00fcneydo\u011fu banlisy\u00f6s\u00fcn\u00fcn yan\u0131 s\u0131ra Cirn el Kale, R\u00fcveyset el Kale, \u015eiy\u015f el Kadi, Dahr el Adra, R\u00fcveyset el Tuyur, Tel el Karakifi ve Tirtyah K\u00f6y\u00fc b\u00f6lgelerini Erdo\u011fan rejimine tabi ter\u00f6r \u00e7etelerinden temizleyip g\u00fcvenlik ve kontrol\u00fc ellerine ge\u00e7irdiklerini belirtti."},"content":{"rendered":"<p>Saha kaynaklar\u0131 SANA\u2019ya a\u00e7\u0131klamalar\u0131nda halk savunma g\u00fc\u00e7leriyle i\u015fbirli\u011fi i\u00e7inde y\u00fcr\u00fct\u00fclen operasyonlarda Selma Beldesinin g\u00fcneydo\u011fu banlisy\u00f6s\u00fcn\u00fcn yan\u0131 s\u0131ra Cirn el Kale, R\u00fcveyset el Kale, \u015eiy\u015f el Kadi, Dahr el Adra, R\u00fcveyset el Tuyur, Tel el Karakifi ve Tirtyah K\u00f6y\u00fc b\u00f6lgelerini Erdo\u011fan rejimine tabi ter\u00f6r \u00e7etelerinden temizleyip g\u00fcvenlik ve kontrol\u00fc ellerine ge\u00e7irdiklerini belirtti.<\/p>\n","protected":false},"excerpt":{"rendered":"<p>Saha kaynaklar\u0131 SANA\u2019ya a\u00e7\u0131klamalar\u0131nda halk savunma g\u00fc\u00e7leriyle i\u015fbirli\u011fi i\u00e7inde y\u00fcr\u00fct\u00fclen operasyonlarda Selma Beldesinin g\u00fcneydo\u011fu banlisy\u00f6s\u00fcn\u00fcn yan\u0131 s\u0131ra Cirn el Kale, R\u00fcveyset el Kale, \u015eiy\u015f el Kadi, Dahr el Adra, R\u00fcveyset el Tuyur, Tel el Karakifi ve Tirtyah K\u00f6y\u00fc b\u00f6lgelerini Erdo\u011fan rejimine tabi ter\u00f6r \u00e7etelerinden temizleyip g\u00fcvenlik ve kontrol\u00fc ellerine ge\u00e7irdiklerini belirtti.<\/p>\n","protected":false},"author":1,"featured_media":0,"comment_status":"closed","ping_status":"closed","sticky":false,"template":"","format":"standard","meta":{"footnotes":""},"categories":[17991],"tags":[],"class_list":["post-57661","post","type-post","status-publish","format-standard","","category-son-dakika"],"_links":{"self":[{"href":"https:\/\/archive.sana.sy\/tr\/index.php?rest_route=\/wp\/v2\/posts\/57661","targetHints":{"allow":["GET"]}}],"collection":[{"href":"https:\/\/archive.sana.sy\/tr\/index.php?rest_route=\/wp\/v2\/posts"}],"about":[{"href":"https:\/\/archive.sana.sy\/tr\/index.php?rest_route=\/wp\/v2\/types\/post"}],"author":[{"embeddable":true,"href":"https:\/\/archive.sana.sy\/tr\/index.php?rest_route=\/wp\/v2\/users\/1"}],"replies":[{"embeddable":true,"href":"https:\/\/archive.sana.sy\/tr\/index.php?rest_route=%2Fwp%2Fv2%2Fcomments&post=57661"}],"version-history":[{"count":0,"href":"https:\/\/archive.sana.sy\/tr\/index.php?rest_route=\/wp\/v2\/posts\/57661\/revisions"}],"wp:attachment":[{"href":"https:\/\/archive.sana.sy\/tr\/index.php?rest_route=%2Fwp%2Fv2%2Fmedia&parent=57661"}],"wp:term":[{"taxonomy":"category","embeddable":true,"href":"https:\/\/archive.sana.sy\/tr\/index.php?rest_route=%2Fwp%2Fv2%2Fcategories&post=57661"},{"taxonomy":"post_tag","embeddable":true,"href":"https:\/\/archive.sana.sy\/tr\/index.php?rest_route=%2Fwp%2Fv2%2Ftags&post=57661"}],"curies":[{"name":"wp","href":"https:\/\/api.w.org\/{rel}","templated":true}]}}