{"id":57663,"date":"2016-01-12T11:00:02","date_gmt":"2016-01-12T09:00:02","guid":{"rendered":"http:\/\/sana.sy\/tr\/?p=57663"},"modified":"2016-01-12T14:55:52","modified_gmt":"2016-01-12T12:55:52","slug":"hama-kirsalinin-guneyinde-fetih-ordusu-adi-altinda-teror-ve-tekfircilik-estiren-erdogan-ve-suudi-rejimlerine-tabi-teror-cetelerinin-de-agir-kayiplara-ugratildiklarini-belirten-askeri","status":"publish","type":"post","link":"https:\/\/archive.sana.sy\/tr\/?p=57663","title":{"rendered":"Hama k\u0131rsal\u0131n\u0131n g\u00fcneyinde \u2018Fetih Ordusu\u2019 ad\u0131 alt\u0131nda ter\u00f6r ve tekfircilik estiren Erdo\u011fan ve Suudi rejimlerine tabi ter\u00f6r \u00e7etelerinin de a\u011f\u0131r kay\u0131plara u\u011frat\u0131ld\u0131klar\u0131n\u0131 belirten askeri kaynak; vatan koruyucular\u0131m\u0131z\u0131n Cercisa Beldesi ve Resten G\u00f6l\u00fcn\u00fcn kuzeyini ter\u00f6ristlerden temizleyip g\u00fcvenli\u011fi sa\u011flad\u0131klar\u0131n\u0131 aktard\u0131."},"content":{"rendered":"<p>Hama k\u0131rsal\u0131n\u0131n g\u00fcneyinde \u2018Fetih Ordusu\u2019 ad\u0131 alt\u0131nda ter\u00f6r ve tekfircilik estiren Erdo\u011fan ve Suudi rejimlerine tabi ter\u00f6r \u00e7etelerinin de a\u011f\u0131r kay\u0131plara u\u011frat\u0131ld\u0131klar\u0131n\u0131 belirten askeri kaynak; vatan koruyucular\u0131m\u0131z\u0131n Cercisa Beldesi ve Resten G\u00f6l\u00fcn\u00fcn kuzeyini ter\u00f6ristlerden temizleyip g\u00fcvenli\u011fi sa\u011flad\u0131klar\u0131n\u0131 aktard\u0131.<\/p>\n","protected":false},"excerpt":{"rendered":"<p>Hama k\u0131rsal\u0131n\u0131n g\u00fcneyinde \u2018Fetih Ordusu\u2019 ad\u0131 alt\u0131nda ter\u00f6r ve tekfircilik estiren Erdo\u011fan ve Suudi rejimlerine tabi ter\u00f6r \u00e7etelerinin de a\u011f\u0131r kay\u0131plara u\u011frat\u0131ld\u0131klar\u0131n\u0131 belirten askeri kaynak; vatan koruyucular\u0131m\u0131z\u0131n Cercisa Beldesi ve Resten G\u00f6l\u00fcn\u00fcn kuzeyini ter\u00f6ristlerden temizleyip g\u00fcvenli\u011fi sa\u011flad\u0131klar\u0131n\u0131 aktard\u0131.<\/p>\n","protected":false},"author":1,"featured_media":0,"comment_status":"closed","ping_status":"closed","sticky":false,"template":"","format":"standard","meta":{"footnotes":""},"categories":[17991],"tags":[],"class_list":["post-57663","post","type-post","status-publish","format-standard","","category-son-dakika"],"_links":{"self":[{"href":"https:\/\/archive.sana.sy\/tr\/index.php?rest_route=\/wp\/v2\/posts\/57663","targetHints":{"allow":["GET"]}}],"collection":[{"href":"https:\/\/archive.sana.sy\/tr\/index.php?rest_route=\/wp\/v2\/posts"}],"about":[{"href":"https:\/\/archive.sana.sy\/tr\/index.php?rest_route=\/wp\/v2\/types\/post"}],"author":[{"embeddable":true,"href":"https:\/\/archive.sana.sy\/tr\/index.php?rest_route=\/wp\/v2\/users\/1"}],"replies":[{"embeddable":true,"href":"https:\/\/archive.sana.sy\/tr\/index.php?rest_route=%2Fwp%2Fv2%2Fcomments&post=57663"}],"version-history":[{"count":0,"href":"https:\/\/archive.sana.sy\/tr\/index.php?rest_route=\/wp\/v2\/posts\/57663\/revisions"}],"wp:attachment":[{"href":"https:\/\/archive.sana.sy\/tr\/index.php?rest_route=%2Fwp%2Fv2%2Fmedia&parent=57663"}],"wp:term":[{"taxonomy":"category","embeddable":true,"href":"https:\/\/archive.sana.sy\/tr\/index.php?rest_route=%2Fwp%2Fv2%2Fcategories&post=57663"},{"taxonomy":"post_tag","embeddable":true,"href":"https:\/\/archive.sana.sy\/tr\/index.php?rest_route=%2Fwp%2Fv2%2Ftags&post=57663"}],"curies":[{"name":"wp","href":"https:\/\/api.w.org\/{rel}","templated":true}]}}