{"id":57665,"date":"2016-01-12T11:10:33","date_gmt":"2016-01-12T09:10:33","guid":{"rendered":"http:\/\/sana.sy\/tr\/?p=57665"},"modified":"2016-01-12T14:56:24","modified_gmt":"2016-01-12T12:56:24","slug":"halep-ve-kirsalinda-turkiye-ve-suudi-rejimlerinin-destek-ve-talimatlariyla-teror-estiren-cokuluslu-tekfirciler-ve-hain-teroristlere-karsi-operasyonlarin-basariyla-devam-ettigini-belirten-askeri-kaynak","status":"publish","type":"post","link":"https:\/\/archive.sana.sy\/tr\/?p=57665","title":{"rendered":"Halep ve k\u0131rsal\u0131nda T\u00fcrkiye ve Suudi rejimlerinin destek ve talimatlar\u0131yla ter\u00f6r estiren \u00e7okuluslu tekfirciler ve hain ter\u00f6ristlere kar\u015f\u0131 operasyonlar\u0131n ba\u015far\u0131yla devam etti\u011fini belirten askeri kaynak; kentin sivil yerle\u015fim alanlar\u0131na geli\u015fig\u00fczel f\u00fczelerle sald\u0131ran Beni Zeyd ve Leyramun semtlerindeki tekfircilerin iki a\u011f\u0131r z\u0131rhl\u0131 arac\u0131n\u0131 imha ederken saflar\u0131nda kay\u0131plara yol a\u00e7t\u0131klar\u0131n\u0131 ifade etti."},"content":{"rendered":"<p>Halep ve k\u0131rsal\u0131nda T\u00fcrkiye ve Suudi rejimlerinin destek ve talimatlar\u0131yla ter\u00f6r estiren \u00e7okuluslu tekfirciler ve hain ter\u00f6ristlere kar\u015f\u0131 operasyonlar\u0131n ba\u015far\u0131yla devam etti\u011fini belirten askeri kaynak; kentin sivil yerle\u015fim alanlar\u0131na geli\u015fig\u00fczel f\u00fczelerle sald\u0131ran Beni Zeyd ve Leyramun semtlerindeki tekfircilerin iki a\u011f\u0131r z\u0131rhl\u0131 arac\u0131n\u0131 imha ederken saflar\u0131nda kay\u0131plara yol a\u00e7t\u0131klar\u0131n\u0131 ifade etti.<\/p>\n","protected":false},"excerpt":{"rendered":"<p>Halep ve k\u0131rsal\u0131nda T\u00fcrkiye ve Suudi rejimlerinin destek ve talimatlar\u0131yla ter\u00f6r estiren \u00e7okuluslu tekfirciler ve hain ter\u00f6ristlere kar\u015f\u0131 operasyonlar\u0131n ba\u015far\u0131yla devam etti\u011fini belirten askeri kaynak; kentin sivil yerle\u015fim alanlar\u0131na geli\u015fig\u00fczel f\u00fczelerle sald\u0131ran Beni Zeyd ve Leyramun semtlerindeki tekfircilerin iki a\u011f\u0131r z\u0131rhl\u0131 arac\u0131n\u0131 imha ederken saflar\u0131nda kay\u0131plara yol a\u00e7t\u0131klar\u0131n\u0131 ifade etti.<\/p>\n","protected":false},"author":1,"featured_media":0,"comment_status":"closed","ping_status":"closed","sticky":false,"template":"","format":"standard","meta":{"footnotes":""},"categories":[17991],"tags":[],"class_list":["post-57665","post","type-post","status-publish","format-standard","","category-son-dakika"],"_links":{"self":[{"href":"https:\/\/archive.sana.sy\/tr\/index.php?rest_route=\/wp\/v2\/posts\/57665","targetHints":{"allow":["GET"]}}],"collection":[{"href":"https:\/\/archive.sana.sy\/tr\/index.php?rest_route=\/wp\/v2\/posts"}],"about":[{"href":"https:\/\/archive.sana.sy\/tr\/index.php?rest_route=\/wp\/v2\/types\/post"}],"author":[{"embeddable":true,"href":"https:\/\/archive.sana.sy\/tr\/index.php?rest_route=\/wp\/v2\/users\/1"}],"replies":[{"embeddable":true,"href":"https:\/\/archive.sana.sy\/tr\/index.php?rest_route=%2Fwp%2Fv2%2Fcomments&post=57665"}],"version-history":[{"count":0,"href":"https:\/\/archive.sana.sy\/tr\/index.php?rest_route=\/wp\/v2\/posts\/57665\/revisions"}],"wp:attachment":[{"href":"https:\/\/archive.sana.sy\/tr\/index.php?rest_route=%2Fwp%2Fv2%2Fmedia&parent=57665"}],"wp:term":[{"taxonomy":"category","embeddable":true,"href":"https:\/\/archive.sana.sy\/tr\/index.php?rest_route=%2Fwp%2Fv2%2Fcategories&post=57665"},{"taxonomy":"post_tag","embeddable":true,"href":"https:\/\/archive.sana.sy\/tr\/index.php?rest_route=%2Fwp%2Fv2%2Ftags&post=57665"}],"curies":[{"name":"wp","href":"https:\/\/api.w.org\/{rel}","templated":true}]}}