{"id":57667,"date":"2016-01-12T11:30:07","date_gmt":"2016-01-12T09:30:07","guid":{"rendered":"http:\/\/sana.sy\/tr\/?p=57667"},"modified":"2016-01-12T14:57:10","modified_gmt":"2016-01-12T12:57:10","slug":"caferi-turkiye-suudi-arabistan-ve-katar-rejimleri-suriyelilerin-acilarinin-bitmesini-istemiyor","status":"publish","type":"post","link":"https:\/\/archive.sana.sy\/tr\/?p=57667","title":{"rendered":"Caferi: T\u00fcrkiye, Suudi Arabistan ve Katar Rejimleri Suriyelilerin Ac\u0131lar\u0131n\u0131n Bitmesini \u0130stemiyor"},"content":{"rendered":"<p>Caferi:\u00a0T\u00fcrkiye, Suudi Arabistan ve Katar Rejimleri Suriyelilerin Ac\u0131lar\u0131n\u0131n Bitmesini \u0130stemiyor<\/p>\n","protected":false},"excerpt":{"rendered":"<p>Caferi:\u00a0T\u00fcrkiye, Suudi Arabistan ve Katar Rejimleri Suriyelilerin Ac\u0131lar\u0131n\u0131n Bitmesini \u0130stemiyor<\/p>\n","protected":false},"author":1,"featured_media":0,"comment_status":"closed","ping_status":"closed","sticky":false,"template":"","format":"standard","meta":{"footnotes":""},"categories":[17991],"tags":[],"class_list":["post-57667","post","type-post","status-publish","format-standard","","category-son-dakika"],"_links":{"self":[{"href":"https:\/\/archive.sana.sy\/tr\/index.php?rest_route=\/wp\/v2\/posts\/57667","targetHints":{"allow":["GET"]}}],"collection":[{"href":"https:\/\/archive.sana.sy\/tr\/index.php?rest_route=\/wp\/v2\/posts"}],"about":[{"href":"https:\/\/archive.sana.sy\/tr\/index.php?rest_route=\/wp\/v2\/types\/post"}],"author":[{"embeddable":true,"href":"https:\/\/archive.sana.sy\/tr\/index.php?rest_route=\/wp\/v2\/users\/1"}],"replies":[{"embeddable":true,"href":"https:\/\/archive.sana.sy\/tr\/index.php?rest_route=%2Fwp%2Fv2%2Fcomments&post=57667"}],"version-history":[{"count":0,"href":"https:\/\/archive.sana.sy\/tr\/index.php?rest_route=\/wp\/v2\/posts\/57667\/revisions"}],"wp:attachment":[{"href":"https:\/\/archive.sana.sy\/tr\/index.php?rest_route=%2Fwp%2Fv2%2Fmedia&parent=57667"}],"wp:term":[{"taxonomy":"category","embeddable":true,"href":"https:\/\/archive.sana.sy\/tr\/index.php?rest_route=%2Fwp%2Fv2%2Fcategories&post=57667"},{"taxonomy":"post_tag","embeddable":true,"href":"https:\/\/archive.sana.sy\/tr\/index.php?rest_route=%2Fwp%2Fv2%2Ftags&post=57667"}],"curies":[{"name":"wp","href":"https:\/\/api.w.org\/{rel}","templated":true}]}}