{"id":57669,"date":"2016-01-12T12:00:50","date_gmt":"2016-01-12T10:00:50","guid":{"rendered":"http:\/\/sana.sy\/tr\/?p=57669"},"modified":"2016-01-12T15:09:12","modified_gmt":"2016-01-12T13:09:12","slug":"valilik-binasi-onunde-protesto-gosterisi","status":"publish","type":"post","link":"https:\/\/archive.sana.sy\/tr\/?p=57669","title":{"rendered":"Valilik Binas\u0131 \u00d6n\u00fcnde Protesto G\u00f6sterisi"},"content":{"rendered":"<p>HAMA \u2013 Hama ilinde siyasi parti, sivil toplum kurumlar\u0131 ve gen\u00e7lik faaliyetlerinin kat\u0131l\u0131m\u0131yla d\u00fcn ak\u015fam Valilik Binas\u0131 \u00f6n\u00fcnde Arap ve uluslar aras\u0131 toplumun Erdo\u011fan ve Suudi rejimlerinin destekledikleri \u00e7okuluslu tekfirci ter\u00f6ristlerin Suriye&#8217;deki vah\u015fetleri kar\u015f\u0131s\u0131nda tak\u0131nd\u0131klar\u0131 sessiz tutumu protesto eden bir g\u00f6steri d\u00fczenlediler.<\/p>\n<p>Vatan ve Liderine En Uzun Vefa Mektubu Kampanyas\u0131n\u0131n tamamlanmas\u0131 m\u00fcnasebetiyle d\u00fczenlenen g\u00f6steride kitleler g\u00f6steride mum yakt\u0131lar.<\/p>\n<p>G\u00f6steride konu\u015fan Hama Valisi \u011eassan Halef dini, siyasi, sosyal ve gen\u00e7lik faaliyetlerinin kat\u0131ld\u0131klar\u0131 g\u00f6sterinin Suriye halk\u0131n\u0131n t\u00fcm kesimleri ve bile\u015fenleriyle vatan ordusu ve liderini desteklediklerinin somut bir ifadesi oldu\u011funa dikkat \u00e7ekti. Vali Halep Suriye ordusu ve onunla kenetle\u015fen Suriye halk\u0131n\u0131n vatan topraklar\u0131n\u0131n istisnas\u0131z her kar\u0131\u015f topra\u011f\u0131ndan d\u0131\u015f g\u00fc\u00e7lerin destekledikleri \u00e7okuluslu tekfirci ve hain ter\u00f6rden temizleme kararl\u0131l\u0131\u011f\u0131 ve azminde olduklar\u0131n\u0131 ifade etti.<\/p>\n<div id='gallery-1' class='gallery galleryid-57669 gallery-columns-2 gallery-size-medium'><figure class='gallery-item'>\n\t\t\t<div class='gallery-icon landscape'>\n\t\t\t\t<a href='https:\/\/archive.sana.sy\/tr\/wp-content\/uploads\/2016\/01\/2-18.jpg'><img loading=\"lazy\" decoding=\"async\" width=\"300\" height=\"208\" src=\"https:\/\/archive.sana.sy\/tr\/wp-content\/uploads\/2016\/01\/2-18-300x208.jpg\" class=\"attachment-medium size-medium\" alt=\"\" srcset=\"https:\/\/archive.sana.sy\/tr\/wp-content\/uploads\/2016\/01\/2-18-300x208.jpg 300w, https:\/\/archive.sana.sy\/tr\/wp-content\/uploads\/2016\/01\/2-18-150x104.jpg 150w, https:\/\/archive.sana.sy\/tr\/wp-content\/uploads\/2016\/01\/2-18-110x75.jpg 110w, https:\/\/archive.sana.sy\/tr\/wp-content\/uploads\/2016\/01\/2-18.jpg 500w\" sizes=\"auto, (max-width: 300px) 100vw, 300px\" \/><\/a>\n\t\t\t<\/div><\/figure><figure class='gallery-item'>\n\t\t\t<div class='gallery-icon landscape'>\n\t\t\t\t<a href='https:\/\/archive.sana.sy\/tr\/wp-content\/uploads\/2016\/01\/3-15.jpg'><img loading=\"lazy\" decoding=\"async\" width=\"300\" height=\"191\" src=\"https:\/\/archive.sana.sy\/tr\/wp-content\/uploads\/2016\/01\/3-15-300x191.jpg\" class=\"attachment-medium size-medium\" alt=\"\" srcset=\"https:\/\/archive.sana.sy\/tr\/wp-content\/uploads\/2016\/01\/3-15-300x191.jpg 300w, https:\/\/archive.sana.sy\/tr\/wp-content\/uploads\/2016\/01\/3-15-150x95.jpg 150w, https:\/\/archive.sana.sy\/tr\/wp-content\/uploads\/2016\/01\/3-15.jpg 500w\" sizes=\"auto, (max-width: 300px) 100vw, 300px\" \/><\/a>\n\t\t\t<\/div><\/figure>\n\t\t<\/div>\n\n","protected":false},"excerpt":{"rendered":"<p>HAMA \u2013 Hama ilinde siyasi parti, sivil toplum kurumlar\u0131 ve gen\u00e7lik faaliyetlerinin kat\u0131l\u0131m\u0131yla d\u00fcn ak\u015fam Valilik Binas\u0131 \u00f6n\u00fcnde Arap ve uluslar aras\u0131 toplumun Erdo\u011fan ve Suudi rejimlerinin destekledikleri \u00e7okuluslu tekfirci ter\u00f6ristlerin Suriye&#8217;deki vah\u015fetleri kar\u015f\u0131s\u0131nda tak\u0131nd\u0131klar\u0131 sessiz tutumu protesto eden bir g\u00f6steri d\u00fczenlediler. Vatan ve Liderine En Uzun Vefa Mektubu Kampanyas\u0131n\u0131n tamamlanmas\u0131 m\u00fcnasebetiyle d\u00fczenlenen g\u00f6steride kitleler &hellip;<\/p>\n","protected":false},"author":1,"featured_media":57674,"comment_status":"closed","ping_status":"closed","sticky":false,"template":"","format":"standard","meta":{"footnotes":""},"categories":[479,17988,478],"tags":[6839,18066,18521,3957,18522,18520],"class_list":["post-57669","post","type-post","status-publish","format-standard","has-post-thumbnail","","category-haberler-yerel","category-son-haberler","category-yerel","tag-dini","tag-erdogan-rejimi","tag-hama-valisi-gassan-halef","tag-siyasi","tag-sosyal-ve-genclik-faaliyetleri","tag-vatan-ve-liderine-en-uzun-vefa-mektubu-kampanyasi"],"_links":{"self":[{"href":"https:\/\/archive.sana.sy\/tr\/index.php?rest_route=\/wp\/v2\/posts\/57669","targetHints":{"allow":["GET"]}}],"collection":[{"href":"https:\/\/archive.sana.sy\/tr\/index.php?rest_route=\/wp\/v2\/posts"}],"about":[{"href":"https:\/\/archive.sana.sy\/tr\/index.php?rest_route=\/wp\/v2\/types\/post"}],"author":[{"embeddable":true,"href":"https:\/\/archive.sana.sy\/tr\/index.php?rest_route=\/wp\/v2\/users\/1"}],"replies":[{"embeddable":true,"href":"https:\/\/archive.sana.sy\/tr\/index.php?rest_route=%2Fwp%2Fv2%2Fcomments&post=57669"}],"version-history":[{"count":0,"href":"https:\/\/archive.sana.sy\/tr\/index.php?rest_route=\/wp\/v2\/posts\/57669\/revisions"}],"wp:featuredmedia":[{"embeddable":true,"href":"https:\/\/archive.sana.sy\/tr\/index.php?rest_route=\/wp\/v2\/media\/57674"}],"wp:attachment":[{"href":"https:\/\/archive.sana.sy\/tr\/index.php?rest_route=%2Fwp%2Fv2%2Fmedia&parent=57669"}],"wp:term":[{"taxonomy":"category","embeddable":true,"href":"https:\/\/archive.sana.sy\/tr\/index.php?rest_route=%2Fwp%2Fv2%2Fcategories&post=57669"},{"taxonomy":"post_tag","embeddable":true,"href":"https:\/\/archive.sana.sy\/tr\/index.php?rest_route=%2Fwp%2Fv2%2Ftags&post=57669"}],"curies":[{"name":"wp","href":"https:\/\/api.w.org\/{rel}","templated":true}]}}