{"id":57709,"date":"2016-01-12T11:30:59","date_gmt":"2016-01-12T09:30:59","guid":{"rendered":"http:\/\/www.sana.sy\/tr\/?p=57709"},"modified":"2016-01-12T16:05:26","modified_gmt":"2016-01-12T14:05:26","slug":"listelerin-hazirlanmasinda-bariz-sorunlar-var","status":"publish","type":"post","link":"https:\/\/archive.sana.sy\/tr\/?p=57709","title":{"rendered":"Listelerin Haz\u0131rlanmas\u0131nda Bariz Sorunlar Var"},"content":{"rendered":"<p>MOSKOVA \u2013 Rusya D\u0131\u015fi\u015fleri Bakan\u0131 Yard\u0131mc\u0131s\u0131 Gennady Gatilov Suriye&#8217;de mevcut ter\u00f6r \u00f6rg\u00fctleri listesinin haz\u0131rlanmas\u0131nda bariz sorunlar\u0131n bulundu\u011funu belirtirken, bu meselenin uluslararas\u0131 Suriye&#8217;ye destek grubu \u00fcyeleri aras\u0131nda daha fazla koordinasyon ve inceleme gerektirdi\u011fini ifade etti.<\/p>\n<p>Moskova&#8217;da bug\u00fcn bas\u0131na a\u00e7\u0131klama yapan Gatilov; meselenin hala a\u00e7\u0131k kald\u0131\u011f\u0131na i\u015faret ederken listelerin haz\u0131rlanmas\u0131 i\u00e7in belli bir zaman belirlenmedi\u011fini ifade ederken ABD, Rusya ve BM aras\u0131nda yar\u0131n Cenevre&#8217;de yap\u0131lacak \u00fc\u00e7l\u00fc toplant\u0131da bu meselenin g\u00f6r\u00fc\u015f\u00fclece\u011fini a\u00e7\u0131klad\u0131.<\/p>\n<p>Gatilov Rusya&#8217;n\u0131n, bu ay\u0131n sonlar\u0131nda Cenevre&#8217;de Suriye h\u00fck\u00fcmeti ile muhalefet temsilcileri aras\u0131nda yap\u0131lacak diyalog g\u00f6r\u00fc\u015fmelerine kat\u0131lacak muhalif taraflar listesinde eksiklik g\u00f6rd\u00fc\u011f\u00fcne dikkat \u00e7ekerken, BM Suriye \u00f6zel temsilcisi Staffan de Mistura\u2019n\u0131n daha geni\u015f temsilli bir liste haz\u0131rlamas\u0131na davet etti. Mevcut listede sadece Riyad toplant\u0131s\u0131na kat\u0131lanlar\u0131n bulundu\u011funa dikkat \u00e7eken Gatilov; Rusya&#8217;n\u0131n bunu normal g\u00f6rmedi\u011fini, listede daha geni\u015f bir kat\u0131l\u0131m ve temsilin olmas\u0131 gerekti\u011fine inand\u0131\u011f\u0131n\u0131 s\u00f6yledi.<\/p>\n<p>Gatilov \u00f6n\u00fcm\u00fczdeki Per\u015fembe g\u00fcn\u00fc Riyad toplant\u0131s\u0131na kat\u0131lmayan muhalefet temsilcileriyle bir araya gelmesinin beklendi\u011fini a\u00e7\u0131klad\u0131.<\/p>\n","protected":false},"excerpt":{"rendered":"<p>MOSKOVA \u2013 Rusya D\u0131\u015fi\u015fleri Bakan\u0131 Yard\u0131mc\u0131s\u0131 Gennady Gatilov Suriye&#8217;de mevcut ter\u00f6r \u00f6rg\u00fctleri listesinin haz\u0131rlanmas\u0131nda bariz sorunlar\u0131n bulundu\u011funu belirtirken, bu meselenin uluslararas\u0131 Suriye&#8217;ye destek grubu \u00fcyeleri aras\u0131nda daha fazla koordinasyon ve inceleme gerektirdi\u011fini ifade etti. Moskova&#8217;da bug\u00fcn bas\u0131na a\u00e7\u0131klama yapan Gatilov; meselenin hala a\u00e7\u0131k kald\u0131\u011f\u0131na i\u015faret ederken listelerin haz\u0131rlanmas\u0131 i\u00e7in belli bir zaman belirlenmedi\u011fini ifade ederken &hellip;<\/p>\n","protected":false},"author":1,"featured_media":57710,"comment_status":"closed","ping_status":"closed","sticky":false,"template":"","format":"standard","meta":{"footnotes":""},"categories":[458,459,17988],"tags":[18533,16858],"class_list":["post-57709","post","type-post","status-publish","format-standard","has-post-thumbnail","","category-dunya1","category-haberler-arap-uluslararasi-politika","category-son-haberler","tag-listelerin-hazirlanmasinda-bariz-sorunlar-var","tag-rusya-disisleri-bakani-yardimcisi-gennady-gatilov"],"_links":{"self":[{"href":"https:\/\/archive.sana.sy\/tr\/index.php?rest_route=\/wp\/v2\/posts\/57709","targetHints":{"allow":["GET"]}}],"collection":[{"href":"https:\/\/archive.sana.sy\/tr\/index.php?rest_route=\/wp\/v2\/posts"}],"about":[{"href":"https:\/\/archive.sana.sy\/tr\/index.php?rest_route=\/wp\/v2\/types\/post"}],"author":[{"embeddable":true,"href":"https:\/\/archive.sana.sy\/tr\/index.php?rest_route=\/wp\/v2\/users\/1"}],"replies":[{"embeddable":true,"href":"https:\/\/archive.sana.sy\/tr\/index.php?rest_route=%2Fwp%2Fv2%2Fcomments&post=57709"}],"version-history":[{"count":0,"href":"https:\/\/archive.sana.sy\/tr\/index.php?rest_route=\/wp\/v2\/posts\/57709\/revisions"}],"wp:featuredmedia":[{"embeddable":true,"href":"https:\/\/archive.sana.sy\/tr\/index.php?rest_route=\/wp\/v2\/media\/57710"}],"wp:attachment":[{"href":"https:\/\/archive.sana.sy\/tr\/index.php?rest_route=%2Fwp%2Fv2%2Fmedia&parent=57709"}],"wp:term":[{"taxonomy":"category","embeddable":true,"href":"https:\/\/archive.sana.sy\/tr\/index.php?rest_route=%2Fwp%2Fv2%2Fcategories&post=57709"},{"taxonomy":"post_tag","embeddable":true,"href":"https:\/\/archive.sana.sy\/tr\/index.php?rest_route=%2Fwp%2Fv2%2Ftags&post=57709"}],"curies":[{"name":"wp","href":"https:\/\/api.w.org\/{rel}","templated":true}]}}