{"id":57790,"date":"2016-01-13T09:52:47","date_gmt":"2016-01-13T07:52:47","guid":{"rendered":"http:\/\/sana.sy\/tr\/?p=57790"},"modified":"2016-01-13T19:34:26","modified_gmt":"2016-01-13T17:34:26","slug":"selmanin-kontrole-alinmasi-stratejik-onem-tasiyor","status":"publish","type":"post","link":"https:\/\/archive.sana.sy\/tr\/?p=57790","title":{"rendered":"Selma\u2019n\u0131n Kontrole Al\u0131nmas\u0131 Stratejik \u00d6nem Ta\u015f\u0131yor ( video )"},"content":{"rendered":"<p>\u015eAM \u2013 Ordu ve Silahl\u0131 Kuvvetler Genel komutanl\u0131\u011f\u0131 yay\u0131nlad\u0131\u011f\u0131 beyanda vatan koruyucular\u0131m\u0131z\u0131n Lazkiye k\u0131rsal\u0131n\u0131n kuzeyinde Selma Beldesi ve civar\u0131ndaki tepeleri \u00e7okuluslu tekfirci ter\u00f6ristlerden temizlemesinin, Lazkiye k\u0131rsal\u0131nda ter\u00f6ristlerin destek ve ikmal hatlar\u0131n\u0131 kesmekle birlikte \u00f6n\u00fcm\u00fczdeki operasyonlarda stratejik bir \u00f6neme sahip oldu\u011funu belirtti.<\/p>\n<p>Ordu ve Silahl\u0131 Kuvvetler Genel Komutanl\u0131\u011f\u0131 s\u00f6zc\u00fcs\u00fc beyan\u0131nda; Ordu birliklerimizin Halk Savunma G\u00fc\u00e7leriyle i\u015fbirli\u011fi i\u00e7inde Pazartesi g\u00fcn\u00fc Lazkiye k\u0131rsal\u0131n\u0131n kuzeydo\u011fusu Selma Kenti ekseninde ba\u015flatt\u0131klar\u0131 operasyonlar\u0131n\u0131 Sal\u0131 g\u00fcn\u00fc \u00f6\u011fleden sonra ba\u015far\u0131yla tamamlad\u0131klar\u0131n\u0131 belirtti.<\/p>\n<p>Operasyonlarda Selma Kenti ve civar\u0131nda bulunan t\u00fcm tepe ve noktalar\u0131n kontrole ge\u00e7irildi\u011fini ifade eden s\u00f6zc\u00fc; ordu birliklerimizin daha \u00f6nce de Kerm el Kale, R\u00fcveyset el Kale, \u015eiy\u015f el Kadi, Dahret el Adra, Ruveyset el Tuyur, Krakfi Da\u011f\u0131, Tirtyak K\u00f6y\u00fcn\u00fc kontrollerine ge\u00e7irdiklerine dikkat \u00e7ekti.<\/p>\n<p>S\u00f6zc\u00fc say\u0131 ve te\u00e7hizatlar\u0131yla b\u00fcy\u00fck kay\u0131plar veren ter\u00f6ristlerin saflar\u0131nda b\u00fcy\u00fck psikolojik \u00e7\u00f6k\u00fc\u015fler ya\u015fand\u0131\u011f\u0131n\u0131 ve bir\u00e7o\u011funun T\u00fcrkiye s\u0131n\u0131rlar\u0131na do\u011fru ka\u00e7t\u0131klar\u0131n\u0131 s\u00f6yledi. Ordu birliklerimizin bu ba\u015far\u0131s\u0131n\u0131n, daha \u00f6nce Lazkiye k\u0131rsal\u0131n\u0131n kuzey ve kuzeydo\u011fu eksenlerinde sa\u011flad\u0131klar\u0131 ba\u015far\u0131lar\u0131n bir devam\u0131 olmas\u0131yla b\u00fcy\u00fck bir \u00f6nem ta\u015f\u0131d\u0131\u011f\u0131na i\u015faret eden s\u00f6zc\u00fc; ayn\u0131 zamanda ter\u00f6ristlerin ana karargahlar\u0131ndan biri say\u0131lan Selma Kentinin stratejik konumu nedeniyle de ayr\u0131 bir \u00f6nem kazand\u0131\u011f\u0131n\u0131 ifade etti.<\/p>\n<p>S\u00f6zc\u00fc Selma Kentinin kontrole al\u0131nmas\u0131n\u0131n ayr\u0131ca Lazkiye k\u0131rsal\u0131nda ter\u00f6ristlerin bulundu\u011fu di\u011fer b\u00f6lgelere kar\u015f\u0131 operasyonlarda da bir hareket noktas\u0131 te\u015fkil edece\u011fini, \u0130dlib k\u0131rsal\u0131 Cisre\u015f\u015fu\u011fur Kentine kadar uluslararas\u0131 otoban\u0131n ate\u015f kontrol\u00fcne al\u0131nmas\u0131nda \u00f6nemli bir nokta te\u015fkil edece\u011fini belirtti.<\/p>\n<p>B\u00f6lgede ter\u00f6ristlerin ikmal ve destek hatlar\u0131n\u0131n kesilmesinde de b\u00fcy\u00fck bir \u00f6nem ta\u015f\u0131d\u0131\u011f\u0131na dikkat \u00e7eken s\u00f6zc\u00fc; m\u00fccadeleci halk\u0131m\u0131za ter\u00f6re kar\u015f\u0131 daha fazla ba\u015far\u0131 kaydetme ahdini yineleyen Ordu ve Silahl\u0131 Kuvvetler Genel Komutanl\u0131\u011f\u0131n\u0131n ordu birliklerimizin ulusal g\u00f6revlerini yerine getirmede daha g\u00fc\u00e7l\u00fc ve daha azimli oldu\u011funu ifade etti. S\u00f6zc\u00fc ordu birliklerimizin yurdun her kar\u0131\u015f topra\u011f\u0131nda ter\u00f6r\u00fc bertaraf etme kararl\u0131l\u0131\u011f\u0131n\u0131 bir kez daha vurgulad\u0131.<br \/>\nS\u00f6zc\u00fc Ordu ve Silahl\u0131 Kuvvetler Genel Komutanl\u0131\u011f\u0131n\u0131n silah ta\u015f\u0131yan herkesi silah\u0131n\u0131 b\u0131rakma ve vatan kuca\u011f\u0131na d\u00f6nme \u00e7a\u011fr\u0131s\u0131n\u0131 da yineledi\u011fini belirtti.<\/p>\n<p>https:\/\/www.youtube.com\/watch?v=4gaEW6aTg6Q<\/p>\n<p>R.H.<\/p>\n","protected":false},"excerpt":{"rendered":"<p>\u015eAM \u2013 Ordu ve Silahl\u0131 Kuvvetler Genel komutanl\u0131\u011f\u0131 yay\u0131nlad\u0131\u011f\u0131 beyanda vatan koruyucular\u0131m\u0131z\u0131n Lazkiye k\u0131rsal\u0131n\u0131n kuzeyinde Selma Beldesi ve civar\u0131ndaki tepeleri \u00e7okuluslu tekfirci ter\u00f6ristlerden temizlemesinin, Lazkiye k\u0131rsal\u0131nda ter\u00f6ristlerin destek ve ikmal hatlar\u0131n\u0131 kesmekle birlikte \u00f6n\u00fcm\u00fczdeki operasyonlarda stratejik bir \u00f6neme sahip oldu\u011funu belirtti. Ordu ve Silahl\u0131 Kuvvetler Genel Komutanl\u0131\u011f\u0131 s\u00f6zc\u00fcs\u00fc beyan\u0131nda; Ordu birliklerimizin Halk Savunma G\u00fc\u00e7leriyle i\u015fbirli\u011fi &hellip;<\/p>\n","protected":false},"author":1,"featured_media":57791,"comment_status":"closed","ping_status":"closed","sticky":false,"template":"","format":"standard","meta":{"footnotes":""},"categories":[575,18295],"tags":[18540],"class_list":["post-57790","post","type-post","status-publish","format-standard","has-post-thumbnail","","category-olaylar-ve-gercekler","category-sana-video","tag-ordu-ve-silahli-kuvvetler-genel-komutanligi-yayinladigi-beyanda"],"_links":{"self":[{"href":"https:\/\/archive.sana.sy\/tr\/index.php?rest_route=\/wp\/v2\/posts\/57790","targetHints":{"allow":["GET"]}}],"collection":[{"href":"https:\/\/archive.sana.sy\/tr\/index.php?rest_route=\/wp\/v2\/posts"}],"about":[{"href":"https:\/\/archive.sana.sy\/tr\/index.php?rest_route=\/wp\/v2\/types\/post"}],"author":[{"embeddable":true,"href":"https:\/\/archive.sana.sy\/tr\/index.php?rest_route=\/wp\/v2\/users\/1"}],"replies":[{"embeddable":true,"href":"https:\/\/archive.sana.sy\/tr\/index.php?rest_route=%2Fwp%2Fv2%2Fcomments&post=57790"}],"version-history":[{"count":0,"href":"https:\/\/archive.sana.sy\/tr\/index.php?rest_route=\/wp\/v2\/posts\/57790\/revisions"}],"wp:featuredmedia":[{"embeddable":true,"href":"https:\/\/archive.sana.sy\/tr\/index.php?rest_route=\/wp\/v2\/media\/57791"}],"wp:attachment":[{"href":"https:\/\/archive.sana.sy\/tr\/index.php?rest_route=%2Fwp%2Fv2%2Fmedia&parent=57790"}],"wp:term":[{"taxonomy":"category","embeddable":true,"href":"https:\/\/archive.sana.sy\/tr\/index.php?rest_route=%2Fwp%2Fv2%2Fcategories&post=57790"},{"taxonomy":"post_tag","embeddable":true,"href":"https:\/\/archive.sana.sy\/tr\/index.php?rest_route=%2Fwp%2Fv2%2Ftags&post=57790"}],"curies":[{"name":"wp","href":"https:\/\/api.w.org\/{rel}","templated":true}]}}