{"id":57839,"date":"2016-01-13T14:48:03","date_gmt":"2016-01-13T12:48:03","guid":{"rendered":"http:\/\/sana.sy\/tr\/?p=57839"},"modified":"2016-01-13T14:48:03","modified_gmt":"2016-01-13T12:48:03","slug":"komoyedov-erdogan-hastadir","status":"publish","type":"post","link":"https:\/\/archive.sana.sy\/tr\/?p=57839","title":{"rendered":"Komoyedov: Erdo\u011fan Hastad\u0131r"},"content":{"rendered":"<p><span style=\"line-height: 1.5\">MOSKOVA \u2013 Rusya Duma Meclisinde Savunma Komitesi Ba\u015fkan\u0131 Vladimir Komoyedov T\u00fcrkiye&#8217;de rejim ba\u015fkan\u0131 Recep Tayip Erdo\u011fan\u2019\u0131n Rusya&#8217;n\u0131n Suriye&#8217;de \u2018butik devlet kurma niyetinde \u2018 oldu\u011funu ifade eden iddialar\u0131n\u0131n sadece onun \u2018Osmanl\u0131 imparatorlu\u011fu hayalleri hastal\u0131\u011f\u0131n\u0131n\u2019 bir neticesi oldu\u011funu belirtti.<\/span><\/p>\n<p><span style=\"line-height: 1.5\">Komoyedov bug\u00fcn bas\u0131na yapt\u0131\u011f\u0131 a\u00e7\u0131klamalarda Erdo\u011fan\u2019\u0131n \u2018Osmanl\u0131 \u0130mparatorlu\u011fu hayalleri hastal\u0131\u011f\u0131na yakaland\u0131\u011f\u0131n\u0131 belirtti. Rusya&#8217;n\u0131n yeteri kadar m\u00fclk sahibi oldu\u011funa dikkat \u00e7eken Komoyedov; Suriye&#8217;deki hedeflerini a\u00e7\u0131k ve net bir \u015fekilde ilan etti\u011fini, Suriye&#8217;de bulundu\u011fu \u00e7abalar\u0131n da herkese a\u00e7\u0131k olup me\u015fru ve aleni oldu\u011funun alt\u0131n\u0131 \u00e7izdi.<\/span><\/p>\n<p><span style=\"color: #0000ff\">Erdo\u011fan, Rejiminin Gayrime\u015fru M\u00fcdahalesini \u00d6rtbas Etmeye \u00c7al\u0131\u015f\u0131yor<\/span><\/p>\n<p>Di\u011fer yandan Rus diplomatik bir kaynak Erdo\u011fan\u2019\u0131n Rusya ve Suriye&#8217;ye d\u00fc\u015fmanc\u0131 ele\u015ftirilerini ele\u015ftirirken; bu a\u00e7\u0131klamalardan amac\u0131n\u0131n T\u00fcrkiye rejiminin Suriye&#8217;de bulundu\u011fu gayr\u0131 me\u015fru m\u00fcdahalelerden dikkat ve ku\u015fkular\u0131 uzak tutmak oldu\u011funu belirtti. Rus diplomat Erdo\u011fan\u2019\u0131n a\u00e7\u0131klamalar\u0131n\u0131 tamam\u0131yla sa\u00e7ma olarak nitelendirirken Rusya&#8217;n\u0131n her daim Suriye&#8217;nin toprak b\u00fct\u00fcnl\u00fc\u011f\u00fc dahilinde demokratik ve laik bir devlet olarak kalmas\u0131 gere\u011fine vurgu yapt\u0131\u011f\u0131n\u0131 s\u00f6yledi.<\/p>\n<p>Lazkiye k\u0131rsal\u0131nda insanl\u0131k ve medeniyetlerin y\u00fcz karas\u0131 vah\u015fetler i\u015fleyen \u00e7okuluslu tekfirci ve hain ter\u00f6ristlerin Rus hava g\u00fc\u00e7lerinin deste\u011fi ile ordu birliklerimizin \u00f6n\u00fcnde b\u00fcy\u00fck kay\u0131plar vermeleri ard\u0131ndan bu \u00e7etelere her t\u00fcrl\u00fc deste\u011fi temin eden Erdo\u011fan ve rejimi \u00e7ileden \u00e7\u0131karak Rusya&#8217;ya as\u0131ls\u0131z su\u00e7lamalarda bulunmu\u015ftu.<\/p>\n","protected":false},"excerpt":{"rendered":"<p>MOSKOVA \u2013 Rusya Duma Meclisinde Savunma Komitesi Ba\u015fkan\u0131 Vladimir Komoyedov T\u00fcrkiye&#8217;de rejim ba\u015fkan\u0131 Recep Tayip Erdo\u011fan\u2019\u0131n Rusya&#8217;n\u0131n Suriye&#8217;de \u2018butik devlet kurma niyetinde \u2018 oldu\u011funu ifade eden iddialar\u0131n\u0131n sadece onun \u2018Osmanl\u0131 imparatorlu\u011fu hayalleri hastal\u0131\u011f\u0131n\u0131n\u2019 bir neticesi oldu\u011funu belirtti. Komoyedov bug\u00fcn bas\u0131na yapt\u0131\u011f\u0131 a\u00e7\u0131klamalarda Erdo\u011fan\u2019\u0131n \u2018Osmanl\u0131 \u0130mparatorlu\u011fu hayalleri hastal\u0131\u011f\u0131na yakaland\u0131\u011f\u0131n\u0131 belirtti. Rusya&#8217;n\u0131n yeteri kadar m\u00fclk sahibi oldu\u011funa &hellip;<\/p>\n","protected":false},"author":1,"featured_media":53604,"comment_status":"closed","ping_status":"closed","sticky":false,"template":"","format":"standard","meta":{"footnotes":""},"categories":[17988,2554,2555],"tags":[18066,18552,17096,18551,17750,18550],"class_list":["post-57839","post","type-post","status-publish","format-standard","has-post-thumbnail","","category-son-haberler","category-suriye-ve-dunya","category-suriye-ve-turkiye","tag-erdogan-rejimi","tag-lazkiye-kirsalinda-silahlilar","tag-recep-tayip-erdogan","tag-rus-diplomatik","tag-rusya-duma-meclisi","tag-savunma-komitesi-baskani-vladimir-komoyedov"],"_links":{"self":[{"href":"https:\/\/archive.sana.sy\/tr\/index.php?rest_route=\/wp\/v2\/posts\/57839","targetHints":{"allow":["GET"]}}],"collection":[{"href":"https:\/\/archive.sana.sy\/tr\/index.php?rest_route=\/wp\/v2\/posts"}],"about":[{"href":"https:\/\/archive.sana.sy\/tr\/index.php?rest_route=\/wp\/v2\/types\/post"}],"author":[{"embeddable":true,"href":"https:\/\/archive.sana.sy\/tr\/index.php?rest_route=\/wp\/v2\/users\/1"}],"replies":[{"embeddable":true,"href":"https:\/\/archive.sana.sy\/tr\/index.php?rest_route=%2Fwp%2Fv2%2Fcomments&post=57839"}],"version-history":[{"count":0,"href":"https:\/\/archive.sana.sy\/tr\/index.php?rest_route=\/wp\/v2\/posts\/57839\/revisions"}],"wp:featuredmedia":[{"embeddable":true,"href":"https:\/\/archive.sana.sy\/tr\/index.php?rest_route=\/wp\/v2\/media\/53604"}],"wp:attachment":[{"href":"https:\/\/archive.sana.sy\/tr\/index.php?rest_route=%2Fwp%2Fv2%2Fmedia&parent=57839"}],"wp:term":[{"taxonomy":"category","embeddable":true,"href":"https:\/\/archive.sana.sy\/tr\/index.php?rest_route=%2Fwp%2Fv2%2Fcategories&post=57839"},{"taxonomy":"post_tag","embeddable":true,"href":"https:\/\/archive.sana.sy\/tr\/index.php?rest_route=%2Fwp%2Fv2%2Ftags&post=57839"}],"curies":[{"name":"wp","href":"https:\/\/api.w.org\/{rel}","templated":true}]}}