{"id":57846,"date":"2016-01-13T14:52:09","date_gmt":"2016-01-13T12:52:09","guid":{"rendered":"http:\/\/sana.sy\/tr\/?p=57846"},"modified":"2016-01-13T14:52:09","modified_gmt":"2016-01-13T12:52:09","slug":"askeri-kaynak-vatan-koruyuculari-ordu-birliklerimizin-halk-savunma-gucleriyle-isbirligi-icinde-lazkiye-kirsalinin-kuzeydogusunda-erdogan-ve-rejiminin-her-turlu-destegi-temin-ettigi-cokuluslu-tekfirci","status":"publish","type":"post","link":"https:\/\/archive.sana.sy\/tr\/?p=57846","title":{"rendered":"Askeri kaynak vatan koruyucular\u0131 ordu birliklerimizin halk savunma g\u00fc\u00e7leriyle i\u015fbirli\u011fi i\u00e7inde Lazkiye k\u0131rsal\u0131n\u0131n kuzeydo\u011fusunda Erdo\u011fan ve rejiminin her t\u00fcrl\u00fc deste\u011fi temin etti\u011fi \u00e7okuluslu tekfirci ve vatan haini ter\u00f6r \u00e7eteleri ciddi kay\u0131plara u\u011fratmalar\u0131 ard\u0131ndan Selma Beldesinin do\u011fusuna d\u00fc\u015fen Merc el Hoha ve \u015eeyh Halil k\u00f6ylerinde g\u00fcvenlik ve kontrol\u00fc ellerine ge\u00e7irdi."},"content":{"rendered":"<p>Askeri kaynak vatan koruyucular\u0131 ordu birliklerimizin halk savunma g\u00fc\u00e7leriyle i\u015fbirli\u011fi i\u00e7inde Lazkiye k\u0131rsal\u0131n\u0131n kuzeydo\u011fusunda Erdo\u011fan ve rejiminin her t\u00fcrl\u00fc deste\u011fi temin etti\u011fi \u00e7okuluslu tekfirci ve vatan haini ter\u00f6r \u00e7eteleri ciddi kay\u0131plara u\u011fratmalar\u0131 ard\u0131ndan Selma Beldesinin do\u011fusuna d\u00fc\u015fen Merc el Hoha ve \u015eeyh Halil k\u00f6ylerinde g\u00fcvenlik ve kontrol\u00fc ellerine ge\u00e7irdi.<\/p>\n","protected":false},"excerpt":{"rendered":"<p>Askeri kaynak vatan koruyucular\u0131 ordu birliklerimizin halk savunma g\u00fc\u00e7leriyle i\u015fbirli\u011fi i\u00e7inde Lazkiye k\u0131rsal\u0131n\u0131n kuzeydo\u011fusunda Erdo\u011fan ve rejiminin her t\u00fcrl\u00fc deste\u011fi temin etti\u011fi \u00e7okuluslu tekfirci ve vatan haini ter\u00f6r \u00e7eteleri ciddi kay\u0131plara u\u011fratmalar\u0131 ard\u0131ndan Selma Beldesinin do\u011fusuna d\u00fc\u015fen Merc el Hoha ve \u015eeyh Halil k\u00f6ylerinde g\u00fcvenlik ve kontrol\u00fc ellerine ge\u00e7irdi.<\/p>\n","protected":false},"author":1,"featured_media":0,"comment_status":"closed","ping_status":"closed","sticky":false,"template":"","format":"standard","meta":{"footnotes":""},"categories":[17991],"tags":[],"class_list":["post-57846","post","type-post","status-publish","format-standard","","category-son-dakika"],"_links":{"self":[{"href":"https:\/\/archive.sana.sy\/tr\/index.php?rest_route=\/wp\/v2\/posts\/57846","targetHints":{"allow":["GET"]}}],"collection":[{"href":"https:\/\/archive.sana.sy\/tr\/index.php?rest_route=\/wp\/v2\/posts"}],"about":[{"href":"https:\/\/archive.sana.sy\/tr\/index.php?rest_route=\/wp\/v2\/types\/post"}],"author":[{"embeddable":true,"href":"https:\/\/archive.sana.sy\/tr\/index.php?rest_route=\/wp\/v2\/users\/1"}],"replies":[{"embeddable":true,"href":"https:\/\/archive.sana.sy\/tr\/index.php?rest_route=%2Fwp%2Fv2%2Fcomments&post=57846"}],"version-history":[{"count":0,"href":"https:\/\/archive.sana.sy\/tr\/index.php?rest_route=\/wp\/v2\/posts\/57846\/revisions"}],"wp:attachment":[{"href":"https:\/\/archive.sana.sy\/tr\/index.php?rest_route=%2Fwp%2Fv2%2Fmedia&parent=57846"}],"wp:term":[{"taxonomy":"category","embeddable":true,"href":"https:\/\/archive.sana.sy\/tr\/index.php?rest_route=%2Fwp%2Fv2%2Fcategories&post=57846"},{"taxonomy":"post_tag","embeddable":true,"href":"https:\/\/archive.sana.sy\/tr\/index.php?rest_route=%2Fwp%2Fv2%2Ftags&post=57846"}],"curies":[{"name":"wp","href":"https:\/\/api.w.org\/{rel}","templated":true}]}}