{"id":57853,"date":"2016-01-13T12:00:59","date_gmt":"2016-01-13T10:00:59","guid":{"rendered":"http:\/\/www.sana.sy\/tr\/?p=57853"},"modified":"2016-01-14T16:16:14","modified_gmt":"2016-01-14T14:16:14","slug":"genelkurmay-baskani-erdogan-cetelerinin-bertaraf-edildigi-operasyonlari-inceledi-video","status":"publish","type":"post","link":"https:\/\/archive.sana.sy\/tr\/?p=57853","title":{"rendered":"Genelkurmay Ba\u015fkan\u0131 Erdo\u011fan \u00c7etelerinin Bertaraf Edildi\u011fi Operasyonlar\u0131 \u0130nceledi (video)"},"content":{"rendered":"<p>LAZK\u0130YE \u2013 Ordu ve Silahl\u0131 Kuvvetler Genel Komutan\u0131 Orgenaral Be\u015f\u015far el Esad&#8217;\u0131n y\u00f6nlendirmeleri do\u011frultusunda Genelkurmay Ba\u015fkan\u0131 Korgeneral Ali Abdullah Ey\u00fcp d\u00fcn genel komutanl\u0131kta \u00fcst r\u00fctbeli generallerin e\u015fli\u011finde Lazkiye k\u0131rsal\u0131n\u0131n kuzeyi ve kuzeydo\u011fusunda Erdo\u011fan rejiminin destekledi\u011fi \u00e7okuluslu tekfirci ve hain ter\u00f6r \u00e7eteleri ciddi kay\u0131plara u\u011fratan ordu birliklerimize saha gezisinde bulundu.<\/p>\n<p><a href=\"http:\/\/www.sana.sy\/tr\/wp-content\/uploads\/2016\/01\/12-January-21.28.45-_020.mpg_snapshot_10.00_2016.01.13_09.43.52.jpg\"><img loading=\"lazy\" decoding=\"async\" class=\"alignright wp-image-57855 size-medium\" src=\"http:\/\/www.sana.sy\/tr\/wp-content\/uploads\/2016\/01\/12-January-21.28.45-_020.mpg_snapshot_10.00_2016.01.13_09.43.52-300x161.jpg\" alt=\"12 January - 21.28.45 - _020.mpg_snapshot_10.00_[2016.01.13_09.43.52]\" width=\"300\" height=\"161\" srcset=\"https:\/\/archive.sana.sy\/tr\/wp-content\/uploads\/2016\/01\/12-January-21.28.45-_020.mpg_snapshot_10.00_2016.01.13_09.43.52-300x161.jpg 300w, https:\/\/archive.sana.sy\/tr\/wp-content\/uploads\/2016\/01\/12-January-21.28.45-_020.mpg_snapshot_10.00_2016.01.13_09.43.52-150x81.jpg 150w, https:\/\/archive.sana.sy\/tr\/wp-content\/uploads\/2016\/01\/12-January-21.28.45-_020.mpg_snapshot_10.00_2016.01.13_09.43.52-768x412.jpg 768w, https:\/\/archive.sana.sy\/tr\/wp-content\/uploads\/2016\/01\/12-January-21.28.45-_020.mpg_snapshot_10.00_2016.01.13_09.43.52-310x165.jpg 310w, https:\/\/archive.sana.sy\/tr\/wp-content\/uploads\/2016\/01\/12-January-21.28.45-_020.mpg_snapshot_10.00_2016.01.13_09.43.52.jpg 1000w\" sizes=\"auto, (max-width: 300px) 100vw, 300px\" \/><\/a>Tekfirci ter\u00f6ristlere kar\u015f\u0131 \u015fan ve onur destanlar\u0131 yazan ordu birliklerimizi ba\u015far\u0131lar\u0131ndan dolay\u0131 kutlayan Korgeneral Ey\u00fcp; Genel Komutan el Esad&#8217;\u0131n takdir ve selamlar\u0131n\u0131 kendilerine iletti.<\/p>\n<p>Tekfirci \u00e7etelerin a\u011f\u0131r kay\u0131plar verdikleri ve ordu birliklerimiz \u00f6n\u00fcnden ka\u00e7\u0131\u015ft\u0131klar\u0131 operasyonlar\u0131 yak\u0131ndan inceleyen Korgeneral Ey\u00fcp; saha komutanlar\u0131ndan operasyonlar\u0131n seyri hakk\u0131nda bilgi ald\u0131. Korgeneral Ey\u00fcp gerekli y\u00f6nlendirmelerde bulunurken Suriye&#8217;nin vatan topraklar\u0131n\u0131n her kar\u0131\u015f topra\u011f\u0131nda g\u00fcvenlik ve istikrar\u0131n sa\u011flanmas\u0131 azim ve kararl\u0131l\u0131\u011f\u0131nda oldu\u011funu ifade etti.<\/p>\n<p>Lazkiye k\u0131rsal\u0131ndaki operasyonlar\u0131n ordu birliklerimizin azim ve kararl\u0131l\u0131\u011f\u0131 \u00f6n\u00fcnde hi\u00e7bir g\u00fcc\u00fcn dayanamayaca\u011f\u0131n\u0131 kan\u0131tlad\u0131\u011f\u0131n\u0131 ifade eden Korgeneral Ey\u00fcp; tekfirci \u00f6rg\u00fctler ve destek\u00e7ilerinin Suriye ve halk\u0131n\u0131 hedef alan ter\u00f6r eylemlerine son verilece\u011finin alt\u0131n\u0131 \u00e7izdi.<\/p>\n<div id='gallery-1' class='gallery galleryid-57853 gallery-columns-3 gallery-size-thumbnail'><figure class='gallery-item'>\n\t\t\t<div class='gallery-icon landscape'>\n\t\t\t\t<a href='https:\/\/archive.sana.sy\/tr\/wp-content\/uploads\/2016\/01\/12-January-21.28.45-_020.mpg_snapshot_09.13_2016.01.13_09.41.10.jpg'><img loading=\"lazy\" decoding=\"async\" width=\"150\" height=\"71\" src=\"https:\/\/archive.sana.sy\/tr\/wp-content\/uploads\/2016\/01\/12-January-21.28.45-_020.mpg_snapshot_09.13_2016.01.13_09.41.10-150x71.jpg\" class=\"attachment-thumbnail size-thumbnail\" alt=\"\" srcset=\"https:\/\/archive.sana.sy\/tr\/wp-content\/uploads\/2016\/01\/12-January-21.28.45-_020.mpg_snapshot_09.13_2016.01.13_09.41.10-150x71.jpg 150w, https:\/\/archive.sana.sy\/tr\/wp-content\/uploads\/2016\/01\/12-January-21.28.45-_020.mpg_snapshot_09.13_2016.01.13_09.41.10-300x142.jpg 300w, https:\/\/archive.sana.sy\/tr\/wp-content\/uploads\/2016\/01\/12-January-21.28.45-_020.mpg_snapshot_09.13_2016.01.13_09.41.10-768x364.jpg 768w, https:\/\/archive.sana.sy\/tr\/wp-content\/uploads\/2016\/01\/12-January-21.28.45-_020.mpg_snapshot_09.13_2016.01.13_09.41.10.jpg 1000w\" sizes=\"auto, (max-width: 150px) 100vw, 150px\" \/><\/a>\n\t\t\t<\/div><\/figure><figure class='gallery-item'>\n\t\t\t<div class='gallery-icon landscape'>\n\t\t\t\t<a href='https:\/\/archive.sana.sy\/tr\/wp-content\/uploads\/2016\/01\/12-January-21.28.45-_020.mpg_snapshot_09.47_2016.01.13_09.41.14.jpg'><img loading=\"lazy\" decoding=\"async\" width=\"150\" height=\"90\" src=\"https:\/\/archive.sana.sy\/tr\/wp-content\/uploads\/2016\/01\/12-January-21.28.45-_020.mpg_snapshot_09.47_2016.01.13_09.41.14-150x90.jpg\" class=\"attachment-thumbnail size-thumbnail\" alt=\"\" srcset=\"https:\/\/archive.sana.sy\/tr\/wp-content\/uploads\/2016\/01\/12-January-21.28.45-_020.mpg_snapshot_09.47_2016.01.13_09.41.14-150x90.jpg 150w, https:\/\/archive.sana.sy\/tr\/wp-content\/uploads\/2016\/01\/12-January-21.28.45-_020.mpg_snapshot_09.47_2016.01.13_09.41.14-300x179.jpg 300w, https:\/\/archive.sana.sy\/tr\/wp-content\/uploads\/2016\/01\/12-January-21.28.45-_020.mpg_snapshot_09.47_2016.01.13_09.41.14-768x459.jpg 768w, https:\/\/archive.sana.sy\/tr\/wp-content\/uploads\/2016\/01\/12-January-21.28.45-_020.mpg_snapshot_09.47_2016.01.13_09.41.14.jpg 1000w\" sizes=\"auto, (max-width: 150px) 100vw, 150px\" \/><\/a>\n\t\t\t<\/div><\/figure><figure class='gallery-item'>\n\t\t\t<div class='gallery-icon landscape'>\n\t\t\t\t<a href='https:\/\/archive.sana.sy\/tr\/wp-content\/uploads\/2016\/01\/1-34.jpg'><img loading=\"lazy\" decoding=\"async\" width=\"150\" height=\"100\" src=\"https:\/\/archive.sana.sy\/tr\/wp-content\/uploads\/2016\/01\/1-34-150x100.jpg\" class=\"attachment-thumbnail size-thumbnail\" alt=\"\" srcset=\"https:\/\/archive.sana.sy\/tr\/wp-content\/uploads\/2016\/01\/1-34-150x100.jpg 150w, https:\/\/archive.sana.sy\/tr\/wp-content\/uploads\/2016\/01\/1-34-300x199.jpg 300w, https:\/\/archive.sana.sy\/tr\/wp-content\/uploads\/2016\/01\/1-34-768x510.jpg 768w, https:\/\/archive.sana.sy\/tr\/wp-content\/uploads\/2016\/01\/1-34-1024x680.jpg 1024w, https:\/\/archive.sana.sy\/tr\/wp-content\/uploads\/2016\/01\/1-34-310x205.jpg 310w\" sizes=\"auto, (max-width: 150px) 100vw, 150px\" \/><\/a>\n\t\t\t<\/div><\/figure><figure class='gallery-item'>\n\t\t\t<div class='gallery-icon landscape'>\n\t\t\t\t<a href='https:\/\/archive.sana.sy\/tr\/wp-content\/uploads\/2016\/01\/2-20.jpg'><img loading=\"lazy\" decoding=\"async\" width=\"150\" height=\"109\" src=\"https:\/\/archive.sana.sy\/tr\/wp-content\/uploads\/2016\/01\/2-20-150x109.jpg\" class=\"attachment-thumbnail size-thumbnail\" alt=\"\" srcset=\"https:\/\/archive.sana.sy\/tr\/wp-content\/uploads\/2016\/01\/2-20-150x109.jpg 150w, https:\/\/archive.sana.sy\/tr\/wp-content\/uploads\/2016\/01\/2-20-300x218.jpg 300w, https:\/\/archive.sana.sy\/tr\/wp-content\/uploads\/2016\/01\/2-20-768x557.jpg 768w, https:\/\/archive.sana.sy\/tr\/wp-content\/uploads\/2016\/01\/2-20-1024x743.jpg 1024w\" sizes=\"auto, (max-width: 150px) 100vw, 150px\" \/><\/a>\n\t\t\t<\/div><\/figure><figure class='gallery-item'>\n\t\t\t<div class='gallery-icon landscape'>\n\t\t\t\t<a href='https:\/\/archive.sana.sy\/tr\/wp-content\/uploads\/2016\/01\/4-11.jpg'><img loading=\"lazy\" decoding=\"async\" width=\"150\" height=\"111\" src=\"https:\/\/archive.sana.sy\/tr\/wp-content\/uploads\/2016\/01\/4-11-150x111.jpg\" class=\"attachment-thumbnail size-thumbnail\" alt=\"\" srcset=\"https:\/\/archive.sana.sy\/tr\/wp-content\/uploads\/2016\/01\/4-11-150x111.jpg 150w, https:\/\/archive.sana.sy\/tr\/wp-content\/uploads\/2016\/01\/4-11-300x223.jpg 300w, https:\/\/archive.sana.sy\/tr\/wp-content\/uploads\/2016\/01\/4-11-768x571.jpg 768w, https:\/\/archive.sana.sy\/tr\/wp-content\/uploads\/2016\/01\/4-11-1024x761.jpg 1024w\" sizes=\"auto, (max-width: 150px) 100vw, 150px\" \/><\/a>\n\t\t\t<\/div><\/figure><figure class='gallery-item'>\n\t\t\t<div class='gallery-icon landscape'>\n\t\t\t\t<a href='https:\/\/archive.sana.sy\/tr\/wp-content\/uploads\/2016\/01\/5-15.jpg'><img loading=\"lazy\" decoding=\"async\" width=\"150\" height=\"99\" src=\"https:\/\/archive.sana.sy\/tr\/wp-content\/uploads\/2016\/01\/5-15-150x99.jpg\" class=\"attachment-thumbnail size-thumbnail\" alt=\"\" srcset=\"https:\/\/archive.sana.sy\/tr\/wp-content\/uploads\/2016\/01\/5-15-150x99.jpg 150w, https:\/\/archive.sana.sy\/tr\/wp-content\/uploads\/2016\/01\/5-15-300x197.jpg 300w, https:\/\/archive.sana.sy\/tr\/wp-content\/uploads\/2016\/01\/5-15-768x504.jpg 768w, https:\/\/archive.sana.sy\/tr\/wp-content\/uploads\/2016\/01\/5-15-1024x672.jpg 1024w, https:\/\/archive.sana.sy\/tr\/wp-content\/uploads\/2016\/01\/5-15-310x205.jpg 310w\" sizes=\"auto, (max-width: 150px) 100vw, 150px\" \/><\/a>\n\t\t\t<\/div><\/figure>\n\t\t<\/div>\n\n<p>https:\/\/www.youtube.com\/watch?v=clHOhsS_CT8<\/p>\n","protected":false},"excerpt":{"rendered":"<p>LAZK\u0130YE \u2013 Ordu ve Silahl\u0131 Kuvvetler Genel Komutan\u0131 Orgenaral Be\u015f\u015far el Esad&#8217;\u0131n y\u00f6nlendirmeleri do\u011frultusunda Genelkurmay Ba\u015fkan\u0131 Korgeneral Ali Abdullah Ey\u00fcp d\u00fcn genel komutanl\u0131kta \u00fcst r\u00fctbeli generallerin e\u015fli\u011finde Lazkiye k\u0131rsal\u0131n\u0131n kuzeyi ve kuzeydo\u011fusunda Erdo\u011fan rejiminin destekledi\u011fi \u00e7okuluslu tekfirci ve hain ter\u00f6r \u00e7eteleri ciddi kay\u0131plara u\u011fratan ordu birliklerimize saha gezisinde bulundu. Tekfirci ter\u00f6ristlere kar\u015f\u0131 \u015fan ve onur &hellip;<\/p>\n","protected":false},"author":1,"featured_media":57854,"comment_status":"closed","ping_status":"closed","sticky":false,"template":"","format":"standard","meta":{"footnotes":""},"categories":[596,575,18295,17988],"tags":[18553],"class_list":["post-57853","post","type-post","status-publish","format-standard","has-post-thumbnail","","category-fotografli-raporlar","category-olaylar-ve-gercekler","category-sana-video","category-son-haberler","tag-genelkurmay-baskani-erdogan-cetelerinin-bertaraf-edildigi-operasyonlari-inceledi"],"_links":{"self":[{"href":"https:\/\/archive.sana.sy\/tr\/index.php?rest_route=\/wp\/v2\/posts\/57853","targetHints":{"allow":["GET"]}}],"collection":[{"href":"https:\/\/archive.sana.sy\/tr\/index.php?rest_route=\/wp\/v2\/posts"}],"about":[{"href":"https:\/\/archive.sana.sy\/tr\/index.php?rest_route=\/wp\/v2\/types\/post"}],"author":[{"embeddable":true,"href":"https:\/\/archive.sana.sy\/tr\/index.php?rest_route=\/wp\/v2\/users\/1"}],"replies":[{"embeddable":true,"href":"https:\/\/archive.sana.sy\/tr\/index.php?rest_route=%2Fwp%2Fv2%2Fcomments&post=57853"}],"version-history":[{"count":0,"href":"https:\/\/archive.sana.sy\/tr\/index.php?rest_route=\/wp\/v2\/posts\/57853\/revisions"}],"wp:featuredmedia":[{"embeddable":true,"href":"https:\/\/archive.sana.sy\/tr\/index.php?rest_route=\/wp\/v2\/media\/57854"}],"wp:attachment":[{"href":"https:\/\/archive.sana.sy\/tr\/index.php?rest_route=%2Fwp%2Fv2%2Fmedia&parent=57853"}],"wp:term":[{"taxonomy":"category","embeddable":true,"href":"https:\/\/archive.sana.sy\/tr\/index.php?rest_route=%2Fwp%2Fv2%2Fcategories&post=57853"},{"taxonomy":"post_tag","embeddable":true,"href":"https:\/\/archive.sana.sy\/tr\/index.php?rest_route=%2Fwp%2Fv2%2Ftags&post=57853"}],"curies":[{"name":"wp","href":"https:\/\/api.w.org\/{rel}","templated":true}]}}