{"id":57867,"date":"2016-01-13T16:05:02","date_gmt":"2016-01-13T14:05:02","guid":{"rendered":"http:\/\/sana.sy\/tr\/?p=57867"},"modified":"2016-01-13T16:21:36","modified_gmt":"2016-01-13T14:21:36","slug":"basbakan-yardimcisi-disisleri-ve-gurbetciler-bakani-velid-el-muallim-yeni-delhiye-bulundugu-4-gunluk-is-gezisi-sirasinda-hindistanli-yetkililerle-suriyedeki-krize-iliskin-gelismeler-ve-kriz","status":"publish","type":"post","link":"https:\/\/archive.sana.sy\/tr\/?p=57867","title":{"rendered":"Ba\u015fbakan Yard\u0131mc\u0131s\u0131 D\u0131\u015fi\u015fleri ve Gurbet\u00e7iler Bakan\u0131 Velid el Muallim Yeni Delhi\u2019ye bulundu\u011fu 4 g\u00fcnl\u00fck i\u015f gezisi s\u0131ras\u0131nda Hindistanl\u0131 yetkililerle Suriye&#8217;deki krize ili\u015fkin geli\u015fmeler ve krizin ba\u015fka \u00fclkelere yans\u0131malar\u0131n\u0131 incelediklerini ifade etti"},"content":{"rendered":"<p>Ba\u015fbakan Yard\u0131mc\u0131s\u0131 D\u0131\u015fi\u015fleri ve Gurbet\u00e7iler Bakan\u0131 Velid el Muallim Yeni Delhi\u2019ye bulundu\u011fu 4 g\u00fcnl\u00fck i\u015f gezisi s\u0131ras\u0131nda Hindistanl\u0131 yetkililerle Suriye&#8217;deki krize ili\u015fkin geli\u015fmeler ve krizin ba\u015fka \u00fclkelere yans\u0131malar\u0131n\u0131 incelediklerini ifade etti<\/p>\n","protected":false},"excerpt":{"rendered":"<p>Ba\u015fbakan Yard\u0131mc\u0131s\u0131 D\u0131\u015fi\u015fleri ve Gurbet\u00e7iler Bakan\u0131 Velid el Muallim Yeni Delhi\u2019ye bulundu\u011fu 4 g\u00fcnl\u00fck i\u015f gezisi s\u0131ras\u0131nda Hindistanl\u0131 yetkililerle Suriye&#8217;deki krize ili\u015fkin geli\u015fmeler ve krizin ba\u015fka \u00fclkelere yans\u0131malar\u0131n\u0131 incelediklerini ifade etti<\/p>\n","protected":false},"author":1,"featured_media":0,"comment_status":"closed","ping_status":"closed","sticky":false,"template":"","format":"standard","meta":{"footnotes":""},"categories":[17991],"tags":[],"class_list":["post-57867","post","type-post","status-publish","format-standard","","category-son-dakika"],"_links":{"self":[{"href":"https:\/\/archive.sana.sy\/tr\/index.php?rest_route=\/wp\/v2\/posts\/57867","targetHints":{"allow":["GET"]}}],"collection":[{"href":"https:\/\/archive.sana.sy\/tr\/index.php?rest_route=\/wp\/v2\/posts"}],"about":[{"href":"https:\/\/archive.sana.sy\/tr\/index.php?rest_route=\/wp\/v2\/types\/post"}],"author":[{"embeddable":true,"href":"https:\/\/archive.sana.sy\/tr\/index.php?rest_route=\/wp\/v2\/users\/1"}],"replies":[{"embeddable":true,"href":"https:\/\/archive.sana.sy\/tr\/index.php?rest_route=%2Fwp%2Fv2%2Fcomments&post=57867"}],"version-history":[{"count":0,"href":"https:\/\/archive.sana.sy\/tr\/index.php?rest_route=\/wp\/v2\/posts\/57867\/revisions"}],"wp:attachment":[{"href":"https:\/\/archive.sana.sy\/tr\/index.php?rest_route=%2Fwp%2Fv2%2Fmedia&parent=57867"}],"wp:term":[{"taxonomy":"category","embeddable":true,"href":"https:\/\/archive.sana.sy\/tr\/index.php?rest_route=%2Fwp%2Fv2%2Fcategories&post=57867"},{"taxonomy":"post_tag","embeddable":true,"href":"https:\/\/archive.sana.sy\/tr\/index.php?rest_route=%2Fwp%2Fv2%2Ftags&post=57867"}],"curies":[{"name":"wp","href":"https:\/\/api.w.org\/{rel}","templated":true}]}}