{"id":57868,"date":"2016-01-13T16:10:07","date_gmt":"2016-01-13T14:10:07","guid":{"rendered":"http:\/\/sana.sy\/tr\/?p=57868"},"modified":"2016-01-13T16:22:06","modified_gmt":"2016-01-13T14:22:06","slug":"yeni-delhide-duzenledigi-basin-toplantisinda-muallim-hindistanli-yetkililerle-temalarinda-terorun-yurdu-ya-da-dini-olmadigi-uzerine-anlastiklarina-dikkat-cekerken-bes-yildir-ona-destek-sagl","status":"publish","type":"post","link":"https:\/\/archive.sana.sy\/tr\/?p=57868","title":{"rendered":"Yeni Delhi\u2019de d\u00fczenledi\u011fi bas\u0131n toplant\u0131s\u0131nda Muallim; Hindistanl\u0131 yetkililerle temalar\u0131nda ter\u00f6r\u00fcn yurdu ya da dini olmad\u0131\u011f\u0131 \u00fczerine anla\u015ft\u0131klar\u0131na dikkat \u00e7ekerken, be\u015f y\u0131ld\u0131r ona destek sa\u011flayan devletlere de yay\u0131ld\u0131\u011f\u0131na dikkat \u00e7ektiklerini s\u00f6yledi"},"content":{"rendered":"<p>Yeni Delhi\u2019de d\u00fczenledi\u011fi bas\u0131n toplant\u0131s\u0131nda Muallim; Hindistanl\u0131 yetkililerle temalar\u0131nda ter\u00f6r\u00fcn yurdu ya da dini olmad\u0131\u011f\u0131 \u00fczerine anla\u015ft\u0131klar\u0131na dikkat \u00e7ekerken, be\u015f y\u0131ld\u0131r ona destek sa\u011flayan devletlere de yay\u0131ld\u0131\u011f\u0131na dikkat \u00e7ektiklerini s\u00f6yledi<\/p>\n","protected":false},"excerpt":{"rendered":"<p>Yeni Delhi\u2019de d\u00fczenledi\u011fi bas\u0131n toplant\u0131s\u0131nda Muallim; Hindistanl\u0131 yetkililerle temalar\u0131nda ter\u00f6r\u00fcn yurdu ya da dini olmad\u0131\u011f\u0131 \u00fczerine anla\u015ft\u0131klar\u0131na dikkat \u00e7ekerken, be\u015f y\u0131ld\u0131r ona destek sa\u011flayan devletlere de yay\u0131ld\u0131\u011f\u0131na dikkat \u00e7ektiklerini s\u00f6yledi<\/p>\n","protected":false},"author":1,"featured_media":0,"comment_status":"closed","ping_status":"closed","sticky":false,"template":"","format":"standard","meta":{"footnotes":""},"categories":[17991],"tags":[],"class_list":["post-57868","post","type-post","status-publish","format-standard","","category-son-dakika"],"_links":{"self":[{"href":"https:\/\/archive.sana.sy\/tr\/index.php?rest_route=\/wp\/v2\/posts\/57868","targetHints":{"allow":["GET"]}}],"collection":[{"href":"https:\/\/archive.sana.sy\/tr\/index.php?rest_route=\/wp\/v2\/posts"}],"about":[{"href":"https:\/\/archive.sana.sy\/tr\/index.php?rest_route=\/wp\/v2\/types\/post"}],"author":[{"embeddable":true,"href":"https:\/\/archive.sana.sy\/tr\/index.php?rest_route=\/wp\/v2\/users\/1"}],"replies":[{"embeddable":true,"href":"https:\/\/archive.sana.sy\/tr\/index.php?rest_route=%2Fwp%2Fv2%2Fcomments&post=57868"}],"version-history":[{"count":0,"href":"https:\/\/archive.sana.sy\/tr\/index.php?rest_route=\/wp\/v2\/posts\/57868\/revisions"}],"wp:attachment":[{"href":"https:\/\/archive.sana.sy\/tr\/index.php?rest_route=%2Fwp%2Fv2%2Fmedia&parent=57868"}],"wp:term":[{"taxonomy":"category","embeddable":true,"href":"https:\/\/archive.sana.sy\/tr\/index.php?rest_route=%2Fwp%2Fv2%2Fcategories&post=57868"},{"taxonomy":"post_tag","embeddable":true,"href":"https:\/\/archive.sana.sy\/tr\/index.php?rest_route=%2Fwp%2Fv2%2Ftags&post=57868"}],"curies":[{"name":"wp","href":"https:\/\/api.w.org\/{rel}","templated":true}]}}