{"id":57876,"date":"2016-01-13T16:30:40","date_gmt":"2016-01-13T14:30:40","guid":{"rendered":"http:\/\/sana.sy\/tr\/?p=57876"},"modified":"2016-01-13T16:28:55","modified_gmt":"2016-01-13T14:28:55","slug":"terore-karsi-savasin-ayni-zamanda-rusyanin-da-bir-savasi-olduguna-dikkat-ceken-muallim-oyle-ki-suriyede-isid-ve-daha-baska-teror-orgutleri-saflarinda-yer-alan-cecenistanli-binlerce-tekfircinin-bu","status":"publish","type":"post","link":"https:\/\/archive.sana.sy\/tr\/?p=57876","title":{"rendered":"Ter\u00f6re kar\u015f\u0131 sava\u015f\u0131n ayn\u0131 zamanda Rusya&#8217;n\u0131n da bir sava\u015f\u0131 oldu\u011funa dikkat \u00e7eken Muallim; \u00f6yle ki Suriye&#8217;de I\u015e\u0130D ve daha ba\u015fka ter\u00f6r \u00f6rg\u00fctleri saflar\u0131nda yer alan \u00c7e\u00e7enistanl\u0131 binlerce tekfircinin bulundu\u011funun alt\u0131n\u0131 \u00e7izdi"},"content":{"rendered":"<p>Ter\u00f6re kar\u015f\u0131 sava\u015f\u0131n ayn\u0131 zamanda Rusya&#8217;n\u0131n da bir sava\u015f\u0131 oldu\u011funa dikkat \u00e7eken Muallim; \u00f6yle ki Suriye&#8217;de I\u015e\u0130D ve daha ba\u015fka ter\u00f6r \u00f6rg\u00fctleri saflar\u0131nda yer alan \u00c7e\u00e7enistanl\u0131 binlerce tekfircinin bulundu\u011funun alt\u0131n\u0131 \u00e7izdi<\/p>\n","protected":false},"excerpt":{"rendered":"<p>Ter\u00f6re kar\u015f\u0131 sava\u015f\u0131n ayn\u0131 zamanda Rusya&#8217;n\u0131n da bir sava\u015f\u0131 oldu\u011funa dikkat \u00e7eken Muallim; \u00f6yle ki Suriye&#8217;de I\u015e\u0130D ve daha ba\u015fka ter\u00f6r \u00f6rg\u00fctleri saflar\u0131nda yer alan \u00c7e\u00e7enistanl\u0131 binlerce tekfircinin bulundu\u011funun alt\u0131n\u0131 \u00e7izdi<\/p>\n","protected":false},"author":1,"featured_media":0,"comment_status":"closed","ping_status":"closed","sticky":false,"template":"","format":"standard","meta":{"footnotes":""},"categories":[17991],"tags":[],"class_list":["post-57876","post","type-post","status-publish","format-standard","","category-son-dakika"],"_links":{"self":[{"href":"https:\/\/archive.sana.sy\/tr\/index.php?rest_route=\/wp\/v2\/posts\/57876","targetHints":{"allow":["GET"]}}],"collection":[{"href":"https:\/\/archive.sana.sy\/tr\/index.php?rest_route=\/wp\/v2\/posts"}],"about":[{"href":"https:\/\/archive.sana.sy\/tr\/index.php?rest_route=\/wp\/v2\/types\/post"}],"author":[{"embeddable":true,"href":"https:\/\/archive.sana.sy\/tr\/index.php?rest_route=\/wp\/v2\/users\/1"}],"replies":[{"embeddable":true,"href":"https:\/\/archive.sana.sy\/tr\/index.php?rest_route=%2Fwp%2Fv2%2Fcomments&post=57876"}],"version-history":[{"count":0,"href":"https:\/\/archive.sana.sy\/tr\/index.php?rest_route=\/wp\/v2\/posts\/57876\/revisions"}],"wp:attachment":[{"href":"https:\/\/archive.sana.sy\/tr\/index.php?rest_route=%2Fwp%2Fv2%2Fmedia&parent=57876"}],"wp:term":[{"taxonomy":"category","embeddable":true,"href":"https:\/\/archive.sana.sy\/tr\/index.php?rest_route=%2Fwp%2Fv2%2Fcategories&post=57876"},{"taxonomy":"post_tag","embeddable":true,"href":"https:\/\/archive.sana.sy\/tr\/index.php?rest_route=%2Fwp%2Fv2%2Ftags&post=57876"}],"curies":[{"name":"wp","href":"https:\/\/api.w.org\/{rel}","templated":true}]}}