{"id":57950,"date":"2016-01-14T17:32:53","date_gmt":"2016-01-14T15:32:53","guid":{"rendered":"http:\/\/www.sana.sy\/tr\/?p=57950"},"modified":"2016-01-14T17:34:36","modified_gmt":"2016-01-14T15:34:36","slug":"sam-ve-kirsalinin-yani-sira-tartus-kunaytra-ve-dera-illerinden-kanun-kacagi-27-kisi-guvenlik-kurumlarina-teslim-oldu","status":"publish","type":"post","link":"https:\/\/archive.sana.sy\/tr\/?p=57950","title":{"rendered":"\u015eam ve k\u0131rsal\u0131n\u0131n yan\u0131 s\u0131ra Tartus, Kunaytra ve Dera illerinden kanun ka\u00e7a\u011f\u0131 42 ki\u015fi g\u00fcvenlik kurumlar\u0131na teslim oldu"},"content":{"rendered":"<p>\u015eam ve k\u0131rsal\u0131n\u0131n yan\u0131 s\u0131ra Tartus, Kunaytra ve Dera illerinden kanun ka\u00e7a\u011f\u0131 42\u00a0ki\u015fi g\u00fcvenlik kurumlar\u0131na teslim oldu<\/p>\n","protected":false},"excerpt":{"rendered":"<p>\u015eam ve k\u0131rsal\u0131n\u0131n yan\u0131 s\u0131ra Tartus, Kunaytra ve Dera illerinden kanun ka\u00e7a\u011f\u0131 42\u00a0ki\u015fi g\u00fcvenlik kurumlar\u0131na teslim oldu<\/p>\n","protected":false},"author":1,"featured_media":0,"comment_status":"closed","ping_status":"closed","sticky":false,"template":"","format":"standard","meta":{"footnotes":""},"categories":[17991],"tags":[],"class_list":["post-57950","post","type-post","status-publish","format-standard","","category-son-dakika"],"_links":{"self":[{"href":"https:\/\/archive.sana.sy\/tr\/index.php?rest_route=\/wp\/v2\/posts\/57950","targetHints":{"allow":["GET"]}}],"collection":[{"href":"https:\/\/archive.sana.sy\/tr\/index.php?rest_route=\/wp\/v2\/posts"}],"about":[{"href":"https:\/\/archive.sana.sy\/tr\/index.php?rest_route=\/wp\/v2\/types\/post"}],"author":[{"embeddable":true,"href":"https:\/\/archive.sana.sy\/tr\/index.php?rest_route=\/wp\/v2\/users\/1"}],"replies":[{"embeddable":true,"href":"https:\/\/archive.sana.sy\/tr\/index.php?rest_route=%2Fwp%2Fv2%2Fcomments&post=57950"}],"version-history":[{"count":0,"href":"https:\/\/archive.sana.sy\/tr\/index.php?rest_route=\/wp\/v2\/posts\/57950\/revisions"}],"wp:attachment":[{"href":"https:\/\/archive.sana.sy\/tr\/index.php?rest_route=%2Fwp%2Fv2%2Fmedia&parent=57950"}],"wp:term":[{"taxonomy":"category","embeddable":true,"href":"https:\/\/archive.sana.sy\/tr\/index.php?rest_route=%2Fwp%2Fv2%2Fcategories&post=57950"},{"taxonomy":"post_tag","embeddable":true,"href":"https:\/\/archive.sana.sy\/tr\/index.php?rest_route=%2Fwp%2Fv2%2Ftags&post=57950"}],"curies":[{"name":"wp","href":"https:\/\/api.w.org\/{rel}","templated":true}]}}