{"id":57962,"date":"2016-01-14T19:09:28","date_gmt":"2016-01-14T17:09:28","guid":{"rendered":"http:\/\/www.sana.sy\/tr\/?p=57962"},"modified":"2016-01-14T19:09:28","modified_gmt":"2016-01-14T17:09:28","slug":"sana-muhabiri-idlib-kirsalinda-teroristlerin-ablukasi-altindaki-fua-ve-kefrayya-beldelerine-insani-yardim-tasiyan-3-kamyonun-girmesine-es-zamanli-olarak-sam-kirsali-madaya-beldesinde-de-teroristler-ta","status":"publish","type":"post","link":"https:\/\/archive.sana.sy\/tr\/?p=57962","title":{"rendered":"SANA muhabiri \u0130dlib k\u0131rsal\u0131nda ter\u00f6ristlerin ablukas\u0131 alt\u0131ndaki Fua ve Kefrayya beldelerine insani yard\u0131m ta\u015f\u0131yan 3 kamyonun girmesine e\u015f zamanl\u0131 olarak \u015eam k\u0131rsal\u0131 Madaya Beldesinde de ter\u00f6ristler taraf\u0131ndan canl\u0131 kalkan olarak kullan\u0131lan vatanda\u015flara 6 kamyonun girdi\u011fini belirtti"},"content":{"rendered":"<p>SANA muhabiri \u0130dlib k\u0131rsal\u0131nda ter\u00f6ristlerin ablukas\u0131 alt\u0131ndaki Fua ve Kefrayya beldelerine insani yard\u0131m ta\u015f\u0131yan 3 kamyonun girmesine e\u015f zamanl\u0131 olarak \u015eam k\u0131rsal\u0131 Madaya Beldesinde de ter\u00f6ristler taraf\u0131ndan canl\u0131 kalkan olarak kullan\u0131lan vatanda\u015flara 6 kamyonun girdi\u011fini belirtti<\/p>\n","protected":false},"excerpt":{"rendered":"<p>SANA muhabiri \u0130dlib k\u0131rsal\u0131nda ter\u00f6ristlerin ablukas\u0131 alt\u0131ndaki Fua ve Kefrayya beldelerine insani yard\u0131m ta\u015f\u0131yan 3 kamyonun girmesine e\u015f zamanl\u0131 olarak \u015eam k\u0131rsal\u0131 Madaya Beldesinde de ter\u00f6ristler taraf\u0131ndan canl\u0131 kalkan olarak kullan\u0131lan vatanda\u015flara 6 kamyonun girdi\u011fini belirtti<\/p>\n","protected":false},"author":1,"featured_media":0,"comment_status":"closed","ping_status":"closed","sticky":false,"template":"","format":"standard","meta":{"footnotes":""},"categories":[17991],"tags":[],"class_list":["post-57962","post","type-post","status-publish","format-standard","","category-son-dakika"],"_links":{"self":[{"href":"https:\/\/archive.sana.sy\/tr\/index.php?rest_route=\/wp\/v2\/posts\/57962","targetHints":{"allow":["GET"]}}],"collection":[{"href":"https:\/\/archive.sana.sy\/tr\/index.php?rest_route=\/wp\/v2\/posts"}],"about":[{"href":"https:\/\/archive.sana.sy\/tr\/index.php?rest_route=\/wp\/v2\/types\/post"}],"author":[{"embeddable":true,"href":"https:\/\/archive.sana.sy\/tr\/index.php?rest_route=\/wp\/v2\/users\/1"}],"replies":[{"embeddable":true,"href":"https:\/\/archive.sana.sy\/tr\/index.php?rest_route=%2Fwp%2Fv2%2Fcomments&post=57962"}],"version-history":[{"count":0,"href":"https:\/\/archive.sana.sy\/tr\/index.php?rest_route=\/wp\/v2\/posts\/57962\/revisions"}],"wp:attachment":[{"href":"https:\/\/archive.sana.sy\/tr\/index.php?rest_route=%2Fwp%2Fv2%2Fmedia&parent=57962"}],"wp:term":[{"taxonomy":"category","embeddable":true,"href":"https:\/\/archive.sana.sy\/tr\/index.php?rest_route=%2Fwp%2Fv2%2Fcategories&post=57962"},{"taxonomy":"post_tag","embeddable":true,"href":"https:\/\/archive.sana.sy\/tr\/index.php?rest_route=%2Fwp%2Fv2%2Ftags&post=57962"}],"curies":[{"name":"wp","href":"https:\/\/api.w.org\/{rel}","templated":true}]}}