{"id":57991,"date":"2016-01-15T19:03:27","date_gmt":"2016-01-15T17:03:27","guid":{"rendered":"http:\/\/www.sana.sy\/tr\/?p=57991"},"modified":"2016-01-16T15:45:54","modified_gmt":"2016-01-16T13:45:54","slug":"vatan-koruyucularimiz-terore-yonelik-basarli-operasyonlarini-devam-ediyor","status":"publish","type":"post","link":"https:\/\/archive.sana.sy\/tr\/?p=57991","title":{"rendered":"Vatan Koruyucular\u0131m\u0131z Ter\u00f6re Y\u00f6nelik Ba\u015farl\u0131 Operasyonlar\u0131n\u0131 Devam Ediyor"},"content":{"rendered":"<p>LLER \u2013 D\u0131\u015f g\u00fc\u00e7lerin patronajl\u0131\u011f\u0131nda deh\u015fet ve vah\u015fet estirmeye devam eden tekfirci ve hain ter\u00f6r \u00e7etelerine kar\u015f\u0131 ba\u015far\u0131l\u0131 operasyonlar\u0131n\u0131 y\u00fcr\u00fcten vatan koruyucular\u0131 ordu birliklerimiz bug\u00fcn de yeni ba\u015far\u0131lara imza att\u0131.<\/p>\n<p><span style=\"color: #0000ff\">HALEP:<\/span><\/p>\n<p>Saha kaynaklar\u0131 SANA muhabirine a\u00e7\u0131klamalar\u0131nda; ordu birliklerimizin Halep Kentinin yakla\u015f\u0131k 60 km do\u011fusuna d\u00fc\u015fen Acuziye ve Abbudiye k\u00f6ylerinde I\u015e\u0130D ter\u00f6r \u00f6rg\u00fct\u00fcne tabi son mevkileri imha ederek kontrollerine ge\u00e7irdiklerini ifade etti.<\/p>\n<p>\u00d6te yandan ordu birliklerimizin Halep k\u0131rsal\u0131n\u0131n do\u011fusu el Bab, Tel Biycan, Katr, Mefilse ve Vadiya b\u00f6lgelerinde I\u015e\u0130D\u2019in toplanma yerleri ve mevkilerini hedef ald\u0131klar\u0131n\u0131 belirten askeri kaynak; bir\u00e7ok ter\u00f6risti \u00f6l\u00fc ve yaral\u0131 d\u00fc\u015f\u00fcr\u00fcp ara\u00e7, siper ve muhtelif t\u00fcr silahlar\u0131n\u0131 tamamen imha ettiklerini s\u00f6yledi.<\/p>\n<p>Kaynak; Halep k\u0131rsal\u0131n\u0131n bat\u0131s\u0131nda ise radikal ter\u00f6ristlere kar\u015f\u0131 nitelikli operasyonlar\u0131n\u0131 s\u00fcrd\u00fcren ordu birliklerimizin; Mansura ve Hurbet H\u0131zmar b\u00f6lgelerinde ter\u00f6ristleri say\u0131 ve te\u00e7hizatlar\u0131yla a\u011f\u0131r kay\u0131plara u\u011fratt\u0131klar\u0131na dikkat \u00e7ekti.<br \/>\nKaynak; ordu birliklerimizin Halep k\u0131rsal\u0131n\u0131n g\u00fcneydo\u011fusu Amiriye K\u00f6y\u00fcnde Nusra Cephesine ait yuvalar\u0131n\u0131 muhtevalar\u0131yla birlikte tahrip ettiklerini a\u00e7\u0131klad\u0131.<\/p>\n<p>Halep Kentinde de ordu birliklerimizin Ra\u015fidin, Halidiye, Leyramun, Kastello ve Beni Zeyd semtlerinde ihvanc\u0131 Erdo\u011fan \u00e7etelerinden bir\u00e7ok ter\u00f6risti \u00f6ld\u00fcrd\u00fcklerini aktaran kaynak; onlar\u0131n havzalar\u0131nda bulunan silah ve m\u00fchimmatlar\u0131n\u0131 da yok ettiklerini s\u00f6zlerine ekledi.<\/p>\n<p><span style=\"color: #0000ff\">DERA:<\/span><\/p>\n<p>Bu arada Dera Kentinde \u0130srail\u2019den destek alan Nusra Cephesi ve di\u011fer radikal ter\u00f6ristlere kar\u015f\u0131 operasyonlar\u0131n\u0131 devam eden ordu birliklerimiz; Dera Beled B\u00f6lgesinde \u00e7ok say\u0131da ter\u00f6risti \u00f6l\u00fc ve yaral\u0131 d\u00fc\u015f\u00fcrerek ara\u00e7, silah ve m\u00fchimmatlar\u0131n\u0131 tahrip etti.<\/p>\n<p>Ak\u015fam saatlerinde a\u00e7\u0131klama yapan bir kaynak; ordu birliklerimizin Dera Beled\u2019in Baraj \u2013 Metroloji yolunda ter\u00f6rist ve cephane ta\u015f\u0131yan bir arac\u0131n\u0131 tamam\u0131yla imha ettiklerini s\u00f6yledi.<\/p>\n<p>Kaynak; Dera k\u0131rsal\u0131n\u0131n g\u00fcneydo\u011fusu \u011eurruz Cezaevinin g\u00fcneybat\u0131s\u0131nda da ordu birliklerimizin ter\u00f6ristlerin siper ve toplanma merkezlerini hedef almalar\u0131yla bir\u00e7ok ter\u00f6risti \u00f6ld\u00fcr\u00fcp 2 arac\u0131n\u0131 da yok ettiklerini aktard\u0131.<\/p>\n<p>Bu arada ter\u00f6r \u00e7eteleri medya ara\u00e7lar\u0131nda aralar\u0131nda tehlikeli isimlerin bulundu\u011fu \u00e7ok say\u0131da ter\u00f6ristin \u00f6ld\u00fcr\u00fcld\u00fc\u011f\u00fcn\u00fc itiraf etti.<\/p>\n<p><span style=\"color: #0000ff\">HOMS:<\/span><\/p>\n<p>Di\u011fer yandan askeri kaynak; ordu birliklerimizin halk savunma g\u00fc\u00e7leriyle i\u015fbirli\u011fi i\u00e7inde Homs k\u0131rsal\u0131n\u0131n g\u00fcneydo\u011fusu M\u0131hse \u2013 Karyeteyn yoluna bakan tepelerini kontrollerine ald\u0131klar\u0131n\u0131 beyan etti.<\/p>\n<p>M.M.<\/p>\n","protected":false},"excerpt":{"rendered":"<p>LLER \u2013 D\u0131\u015f g\u00fc\u00e7lerin patronajl\u0131\u011f\u0131nda deh\u015fet ve vah\u015fet estirmeye devam eden tekfirci ve hain ter\u00f6r \u00e7etelerine kar\u015f\u0131 ba\u015far\u0131l\u0131 operasyonlar\u0131n\u0131 y\u00fcr\u00fcten vatan koruyucular\u0131 ordu birliklerimiz bug\u00fcn de yeni ba\u015far\u0131lara imza att\u0131. HALEP: Saha kaynaklar\u0131 SANA muhabirine a\u00e7\u0131klamalar\u0131nda; ordu birliklerimizin Halep Kentinin yakla\u015f\u0131k 60 km do\u011fusuna d\u00fc\u015fen Acuziye ve Abbudiye k\u00f6ylerinde I\u015e\u0130D ter\u00f6r \u00f6rg\u00fct\u00fcne tabi son mevkileri &hellip;<\/p>\n","protected":false},"author":1,"featured_media":57992,"comment_status":"closed","ping_status":"closed","sticky":false,"template":"","format":"standard","meta":{"footnotes":""},"categories":[575],"tags":[18573],"class_list":["post-57991","post","type-post","status-publish","format-standard","has-post-thumbnail","","category-olaylar-ve-gercekler","tag-vatan-koruyucularimiz-terore-yonelik-basarli-operasyonlarini-devam-ediyor"],"_links":{"self":[{"href":"https:\/\/archive.sana.sy\/tr\/index.php?rest_route=\/wp\/v2\/posts\/57991","targetHints":{"allow":["GET"]}}],"collection":[{"href":"https:\/\/archive.sana.sy\/tr\/index.php?rest_route=\/wp\/v2\/posts"}],"about":[{"href":"https:\/\/archive.sana.sy\/tr\/index.php?rest_route=\/wp\/v2\/types\/post"}],"author":[{"embeddable":true,"href":"https:\/\/archive.sana.sy\/tr\/index.php?rest_route=\/wp\/v2\/users\/1"}],"replies":[{"embeddable":true,"href":"https:\/\/archive.sana.sy\/tr\/index.php?rest_route=%2Fwp%2Fv2%2Fcomments&post=57991"}],"version-history":[{"count":0,"href":"https:\/\/archive.sana.sy\/tr\/index.php?rest_route=\/wp\/v2\/posts\/57991\/revisions"}],"wp:featuredmedia":[{"embeddable":true,"href":"https:\/\/archive.sana.sy\/tr\/index.php?rest_route=\/wp\/v2\/media\/57992"}],"wp:attachment":[{"href":"https:\/\/archive.sana.sy\/tr\/index.php?rest_route=%2Fwp%2Fv2%2Fmedia&parent=57991"}],"wp:term":[{"taxonomy":"category","embeddable":true,"href":"https:\/\/archive.sana.sy\/tr\/index.php?rest_route=%2Fwp%2Fv2%2Fcategories&post=57991"},{"taxonomy":"post_tag","embeddable":true,"href":"https:\/\/archive.sana.sy\/tr\/index.php?rest_route=%2Fwp%2Fv2%2Ftags&post=57991"}],"curies":[{"name":"wp","href":"https:\/\/api.w.org\/{rel}","templated":true}]}}