{"id":57999,"date":"2016-01-16T11:49:23","date_gmt":"2016-01-16T09:49:23","guid":{"rendered":"http:\/\/sana.sy\/tr\/?p=57999"},"modified":"2016-01-16T15:47:25","modified_gmt":"2016-01-16T13:47:25","slug":"muallim-terore-verilen-destek-cozum-cabalarinin-onunde-engel-teskil-ediyor","status":"publish","type":"post","link":"https:\/\/archive.sana.sy\/tr\/?p=57999","title":{"rendered":"Muallim: Ter\u00f6re Verilen Destek \u00c7\u00f6z\u00fcm \u00c7abalar\u0131n\u0131n \u00d6n\u00fcnde Engel Te\u015fkil Ediyor"},"content":{"rendered":"<p>YEN\u0130 DELH\u0130 \u2013 Ba\u015fbakan Yard\u0131mc\u0131s\u0131 D\u0131\u015fi\u015fleri ve Gurbet\u00e7iler Bakan\u0131 Velid el Muallim Suudi Arabistan rejiminin Suriye\u2019deki silahl\u0131 ter\u00f6r gruplar\u0131na sa\u011flad\u0131\u011f\u0131 maddi ve askeri deste\u011fin s\u00fcrmesinin Suriye\u2019de ya\u015fanmakta krizin \u00e7\u00f6z\u00fcm\u00fc ile ilgili harcanan uluslararas\u0131 \u00e7abalar\u0131n \u00f6n\u00fcnde engel te\u015fkil etti\u011fini belirtti.<\/p>\n<p>Rus Sputnik Haber Ajans\u0131na d\u00fcn bir r\u00f6portaj veren Muallim, Suudi Rejimi ile \u0130ran aras\u0131ndaki t\u0131rmand\u0131r\u0131lan gerginlik ile ilgili soruya cevaben, gerginli\u011fin t\u0131rmand\u0131r\u0131lmas\u0131n\u0131n b\u00f6lgede ya\u015fanmakta olan durumlara olumsuz yans\u0131yaca\u011f\u0131na i\u015faret ederek Suudi Arabistan rejiminin Suriye\u2019de bulunan silahl\u0131 ter\u00f6r gruplar\u0131na maddi ve askeri deste\u011fini artt\u0131rarak Cenevre Konferans\u0131n\u0131n ba\u015far\u0131s\u0131z olmas\u0131n\u0131 hedefledi\u011fini belirtti.<\/p>\n<p>T\u00fcrkiye rejiminin, Osmanl\u0131 Sultanl\u0131\u011f\u0131n\u0131 yeniden canland\u0131rma hayalleri \u00e7er\u00e7evesinde ter\u00f6ristlerin T\u00fcrkiye topraklar\u0131 arac\u0131l\u0131\u011f\u0131yla Suriye\u2019ye s\u0131zmalar\u0131na izin verdi\u011fini ancak ayn\u0131 ter\u00f6ristlerin d\u00f6nerek T\u00fcrkiye\u2019yi vurma ihtimalinin hafife ald\u0131\u011f\u0131n\u0131 dile getiren Muallim, y\u00fczlerce \u00fclkeden Suriye\u2019ye gelen silahl\u0131 ter\u00f6ristlere kucak a\u00e7an Erdo\u011fan rejiminin ya\u015fad\u0131klar\u0131ndan hi\u00e7bir \u015fekilde ders almad\u0131\u011f\u0131n\u0131 belirterek Osmanl\u0131 \u0130mparatorlu\u011funu yeniden canland\u0131rma hayallerinin evhamdan \u00f6teye ge\u00e7emeyece\u011finin alt\u0131n\u0131 \u00e7izdi.<\/p>\n<p>Muallim; \u201cSuudi Arabistan, T\u00fcrkiye ve Katar Uluslararas\u0131 G\u00fcvenlik Konseyinden ter\u00f6rle m\u00fccadeleye ili\u015fkin kararlar\u0131 uygulam\u0131\u015f olsayd\u0131 Suriye\u2019de ya\u015fanmakta olan kriz uzun s\u00fcre \u00f6ncesinden y\u00fczde yetmi\u015f oran\u0131nda \u00e7\u00f6z\u00fclm\u00fc\u015f olurdu\u2026\u201d dedi.<\/p>\n<p>Suriyeli Muhalefet Heyeti \u0130sim listesi ya da ter\u00f6r gruplar\u0131 listesinin Suriyeli h\u00fck\u00fcmetin eline ula\u015fmad\u0131\u011f\u0131na i\u015faret eden Muallim; Suriye H\u00fck\u00fcmetinin rol\u00fcn\u00fcn kendisini temsil edecek bir heyet olu\u015fturmak oldu\u011funu ve muhalefet heyeti olu\u015fturulmas\u0131 ile hi\u00e7bir ilgisi bulunmad\u0131\u011f\u0131n\u0131 ancak muhalefet heyetinin ter\u00f6r \u00f6rg\u00fctleri ile bir ili\u015fi\u011fi varsa bu ili\u015fi\u011fin sona erdi\u011finin ilan edilece\u011finin tahmin edildi\u011fini belirtti.<\/p>\n<p>Suriye ve Rusya sava\u015f u\u00e7aklar\u0131n\u0131n silahl\u0131 ter\u00f6r gruplar\u0131na kar\u015f\u0131 d\u00fczenledikleri operasyonlar\u0131n b\u00fcy\u00fck bir ba\u015far\u0131yla devam etti\u011fine dikkat \u00e7eken Muallim; Suriye-Rusya i\u015fbirli\u011finin ter\u00f6rle m\u00fccadeledeki bu ba\u015far\u0131s\u0131n\u0131n s\u00fcrmesini umut etti\u011fini aktard\u0131.<\/p>\n<p>Hat\u0131rlanaca\u011f\u0131 \u00fczere D\u0131\u015fi\u015fleri ve Gurbet\u00e7iler Bakan\u0131 Muallim \u00f6nceki g\u00fcn New Delhi\u2019de d\u00fczenledi\u011fi bas\u0131n konferans\u0131nda ter\u00f6rle m\u00fccadele alan\u0131nda Suriye-Rusya askeri i\u015fbirli\u011finin ciddi ba\u015far\u0131lar sa\u011flad\u0131\u011f\u0131n\u0131 ve ter\u00f6rle m\u00fccadelenin sadece Suriye\u2019nin de\u011fil, ayn\u0131 zamanda Rusya\u2019n\u0131n da binlerce \u00c7e\u00e7enistanl\u0131 ter\u00f6riste kar\u015f\u0131 m\u00fccadelesi oldu\u011funu beyan etmi\u015fti.<\/p>\n<p>F.B.<\/p>\n","protected":false},"excerpt":{"rendered":"<p>YEN\u0130 DELH\u0130 \u2013 Ba\u015fbakan Yard\u0131mc\u0131s\u0131 D\u0131\u015fi\u015fleri ve Gurbet\u00e7iler Bakan\u0131 Velid el Muallim Suudi Arabistan rejiminin Suriye\u2019deki silahl\u0131 ter\u00f6r gruplar\u0131na sa\u011flad\u0131\u011f\u0131 maddi ve askeri deste\u011fin s\u00fcrmesinin Suriye\u2019de ya\u015fanmakta krizin \u00e7\u00f6z\u00fcm\u00fc ile ilgili harcanan uluslararas\u0131 \u00e7abalar\u0131n \u00f6n\u00fcnde engel te\u015fkil etti\u011fini belirtti. Rus Sputnik Haber Ajans\u0131na d\u00fcn bir r\u00f6portaj veren Muallim, Suudi Rejimi ile \u0130ran aras\u0131ndaki t\u0131rmand\u0131r\u0131lan gerginlik &hellip;<\/p>\n","protected":false},"author":1,"featured_media":58001,"comment_status":"closed","ping_status":"closed","sticky":false,"template":"","format":"standard","meta":{"footnotes":""},"categories":[17988,2554,2555],"tags":[16772,18237,18066,17096,18574,18499,2733,14147,17320],"class_list":["post-57999","post","type-post","status-publish","format-standard","has-post-thumbnail","","category-son-haberler","category-suriye-ve-dunya","category-suriye-ve-turkiye","tag-basbakan-yardimcisi-disisleri-ve-gurbetciler-bakani-velid-el-muallim","tag-cihatcilar","tag-erdogan-rejimi","tag-recep-tayip-erdogan","tag-suriye-krizi","tag-suriye-muhalefeti","tag-suudi-arabistan","tag-suudi-rejimi","tag-tekfirciler"],"_links":{"self":[{"href":"https:\/\/archive.sana.sy\/tr\/index.php?rest_route=\/wp\/v2\/posts\/57999","targetHints":{"allow":["GET"]}}],"collection":[{"href":"https:\/\/archive.sana.sy\/tr\/index.php?rest_route=\/wp\/v2\/posts"}],"about":[{"href":"https:\/\/archive.sana.sy\/tr\/index.php?rest_route=\/wp\/v2\/types\/post"}],"author":[{"embeddable":true,"href":"https:\/\/archive.sana.sy\/tr\/index.php?rest_route=\/wp\/v2\/users\/1"}],"replies":[{"embeddable":true,"href":"https:\/\/archive.sana.sy\/tr\/index.php?rest_route=%2Fwp%2Fv2%2Fcomments&post=57999"}],"version-history":[{"count":0,"href":"https:\/\/archive.sana.sy\/tr\/index.php?rest_route=\/wp\/v2\/posts\/57999\/revisions"}],"wp:featuredmedia":[{"embeddable":true,"href":"https:\/\/archive.sana.sy\/tr\/index.php?rest_route=\/wp\/v2\/media\/58001"}],"wp:attachment":[{"href":"https:\/\/archive.sana.sy\/tr\/index.php?rest_route=%2Fwp%2Fv2%2Fmedia&parent=57999"}],"wp:term":[{"taxonomy":"category","embeddable":true,"href":"https:\/\/archive.sana.sy\/tr\/index.php?rest_route=%2Fwp%2Fv2%2Fcategories&post=57999"},{"taxonomy":"post_tag","embeddable":true,"href":"https:\/\/archive.sana.sy\/tr\/index.php?rest_route=%2Fwp%2Fv2%2Ftags&post=57999"}],"curies":[{"name":"wp","href":"https:\/\/api.w.org\/{rel}","templated":true}]}}