{"id":58019,"date":"2016-01-16T13:20:39","date_gmt":"2016-01-16T11:20:39","guid":{"rendered":"http:\/\/sana.sy\/tr\/?p=58019"},"modified":"2016-01-16T15:50:49","modified_gmt":"2016-01-16T13:50:49","slug":"erdogan-cetelerinden-kurtulan-ahali-orduyu-coskuyla-karsiladi","status":"publish","type":"post","link":"https:\/\/archive.sana.sy\/tr\/?p=58019","title":{"rendered":"Erdo\u011fan \u00e7etelerinden kurtulan ahali orduyu co\u015fkuyla kar\u015f\u0131lad\u0131 (video)"},"content":{"rendered":"<p>Hama k\u0131rsal\u0131nda Erdo\u011fan ve Al Suud rejimlerine tabi \u00e7okuluslu tekfirci ter\u00f6r \u00e7eteleri \u2018Fetih Ordusu\u2019nu a\u011f\u0131r kay\u0131plara u\u011fratan ordu birliklerimiz Deyr el Ferdiys Beldesini kontrol\u00fcne ge\u00e7irdi.<\/p>\n<p>Belde ahalisi kendilerini Erdo\u011fan \u00e7etelerinden kurtaran Suriye ordusunu sloganlarla kar\u015f\u0131lad\u0131.<\/p>\n<p>https:\/\/www.youtube.com\/watch?v=-iGGBEC951U<\/p>\n<p>&nbsp;<\/p>\n","protected":false},"excerpt":{"rendered":"<p>Hama k\u0131rsal\u0131nda Erdo\u011fan ve Al Suud rejimlerine tabi \u00e7okuluslu tekfirci ter\u00f6r \u00e7eteleri \u2018Fetih Ordusu\u2019nu a\u011f\u0131r kay\u0131plara u\u011fratan ordu birliklerimiz Deyr el Ferdiys Beldesini kontrol\u00fcne ge\u00e7irdi. Belde ahalisi kendilerini Erdo\u011fan \u00e7etelerinden kurtaran Suriye ordusunu sloganlarla kar\u015f\u0131lad\u0131. https:\/\/www.youtube.com\/watch?v=-iGGBEC951U &nbsp;<\/p>\n","protected":false},"author":1,"featured_media":58020,"comment_status":"closed","ping_status":"closed","sticky":false,"template":"","format":"standard","meta":{"footnotes":""},"categories":[575,18295,17988,2554,2555],"tags":[18579,15787,18580],"class_list":["post-58019","post","type-post","status-publish","format-standard","has-post-thumbnail","","category-olaylar-ve-gercekler","category-sana-video","category-son-haberler","category-suriye-ve-dunya","category-suriye-ve-turkiye","tag-erdoganceteleri","tag-fetih-ordusu","tag-hama-kirsali"],"_links":{"self":[{"href":"https:\/\/archive.sana.sy\/tr\/index.php?rest_route=\/wp\/v2\/posts\/58019","targetHints":{"allow":["GET"]}}],"collection":[{"href":"https:\/\/archive.sana.sy\/tr\/index.php?rest_route=\/wp\/v2\/posts"}],"about":[{"href":"https:\/\/archive.sana.sy\/tr\/index.php?rest_route=\/wp\/v2\/types\/post"}],"author":[{"embeddable":true,"href":"https:\/\/archive.sana.sy\/tr\/index.php?rest_route=\/wp\/v2\/users\/1"}],"replies":[{"embeddable":true,"href":"https:\/\/archive.sana.sy\/tr\/index.php?rest_route=%2Fwp%2Fv2%2Fcomments&post=58019"}],"version-history":[{"count":0,"href":"https:\/\/archive.sana.sy\/tr\/index.php?rest_route=\/wp\/v2\/posts\/58019\/revisions"}],"wp:featuredmedia":[{"embeddable":true,"href":"https:\/\/archive.sana.sy\/tr\/index.php?rest_route=\/wp\/v2\/media\/58020"}],"wp:attachment":[{"href":"https:\/\/archive.sana.sy\/tr\/index.php?rest_route=%2Fwp%2Fv2%2Fmedia&parent=58019"}],"wp:term":[{"taxonomy":"category","embeddable":true,"href":"https:\/\/archive.sana.sy\/tr\/index.php?rest_route=%2Fwp%2Fv2%2Fcategories&post=58019"},{"taxonomy":"post_tag","embeddable":true,"href":"https:\/\/archive.sana.sy\/tr\/index.php?rest_route=%2Fwp%2Fv2%2Ftags&post=58019"}],"curies":[{"name":"wp","href":"https:\/\/api.w.org\/{rel}","templated":true}]}}