{"id":58117,"date":"2016-01-17T12:06:22","date_gmt":"2016-01-17T10:06:22","guid":{"rendered":"http:\/\/sana.sy\/tr\/?p=58117"},"modified":"2016-01-17T12:06:22","modified_gmt":"2016-01-17T10:06:22","slug":"katliamin-sorumlusu-teror-destekcisi-rejimlerdir","status":"publish","type":"post","link":"https:\/\/archive.sana.sy\/tr\/?p=58117","title":{"rendered":"Katliam\u0131n Sorumlusu, Ter\u00f6r Destek\u00e7isi Rejimlerdir"},"content":{"rendered":"<p>\u015eAM \u2013 Bakanlar Konseyi I\u015e\u0130D ter\u00f6r \u00f6rg\u00fct\u00fcne tabi tekfirci s\u00fcr\u00fclerin d\u00fcn Deyrezzor k\u0131rsal\u0131n\u0131n bat\u0131s\u0131 B\u011fayliye K\u00f6y\u00fcnde bulunduklar\u0131 insanl\u0131k d\u0131\u015f\u0131 vah\u015feti \u015fiddetle k\u0131nad\u0131.<\/p>\n<p>Ba\u015fbakan Vail el Halaki yay\u0131nlad\u0131\u011f\u0131 ve SANA\u2019n\u0131n bir n\u00fcshas\u0131n\u0131 ald\u0131\u011f\u0131 beyan\u0131nda insanl\u0131\u011f\u0131n y\u00fcz karas\u0131 bu katliam\u0131n ahlaki ve kanuni sorumlulu\u011funun, Suriye&#8217;de ter\u00f6re muhtelif t\u00fcr destek sa\u011flayan kimi rejimlere d\u00fc\u015ft\u00fc\u011f\u00fcn\u00fc belirtti. Halaki insanl\u0131\u011fa kin ve nefret besleyen, karanl\u0131k ve tekfirci ideoloji ile \u00f6ld\u00fcrmeyi meslek edinen bu ter\u00f6ristlere kimi rejimlerin sa\u011flad\u0131klar\u0131 deste\u011fe dikkat \u00e7ekti.<\/p>\n<p>Ard\u0131 ard\u0131na bir\u00e7ok hezimete maruz kalan bu ter\u00f6r \u00e7etelerinin ordu birliklerimiz kar\u015f\u0131s\u0131nda verdikleri a\u011f\u0131r kay\u0131plar\u0131 \u00f6rtbas etme amac\u0131yla bu gibi vah\u015fetleri i\u015flediklerini ifade eden Ba\u015fbakan Halaki; ter\u00f6ristlerin Suriye topraklar\u0131ndaki varl\u0131klar\u0131n\u0131n say\u0131l\u0131 g\u00fcnler i\u00e7inde yok olaca\u011f\u0131n\u0131 idrak etmeye ba\u015flad\u0131klar\u0131n\u0131n bir g\u00f6stergesi oldu\u011funu s\u00f6yledi.<\/p>\n<p>R.H.<\/p>\n","protected":false},"excerpt":{"rendered":"<p>\u015eAM \u2013 Bakanlar Konseyi I\u015e\u0130D ter\u00f6r \u00f6rg\u00fct\u00fcne tabi tekfirci s\u00fcr\u00fclerin d\u00fcn Deyrezzor k\u0131rsal\u0131n\u0131n bat\u0131s\u0131 B\u011fayliye K\u00f6y\u00fcnde bulunduklar\u0131 insanl\u0131k d\u0131\u015f\u0131 vah\u015feti \u015fiddetle k\u0131nad\u0131. Ba\u015fbakan Vail el Halaki yay\u0131nlad\u0131\u011f\u0131 ve SANA\u2019n\u0131n bir n\u00fcshas\u0131n\u0131 ald\u0131\u011f\u0131 beyan\u0131nda insanl\u0131\u011f\u0131n y\u00fcz karas\u0131 bu katliam\u0131n ahlaki ve kanuni sorumlulu\u011funun, Suriye&#8217;de ter\u00f6re muhtelif t\u00fcr destek sa\u011flayan kimi rejimlere d\u00fc\u015ft\u00fc\u011f\u00fcn\u00fc belirtti. Halaki insanl\u0131\u011fa kin &hellip;<\/p>\n","protected":false},"author":1,"featured_media":58118,"comment_status":"closed","ping_status":"closed","sticky":false,"template":"","format":"standard","meta":{"footnotes":""},"categories":[479,17988,478],"tags":[17015,18608,18609],"class_list":["post-58117","post","type-post","status-publish","format-standard","has-post-thumbnail","","category-haberler-yerel","category-son-haberler","category-yerel","tag-bakanlar-konseyi","tag-katliamin-sorumlusu","tag-teror-destekcisi-rejimlerdir"],"_links":{"self":[{"href":"https:\/\/archive.sana.sy\/tr\/index.php?rest_route=\/wp\/v2\/posts\/58117","targetHints":{"allow":["GET"]}}],"collection":[{"href":"https:\/\/archive.sana.sy\/tr\/index.php?rest_route=\/wp\/v2\/posts"}],"about":[{"href":"https:\/\/archive.sana.sy\/tr\/index.php?rest_route=\/wp\/v2\/types\/post"}],"author":[{"embeddable":true,"href":"https:\/\/archive.sana.sy\/tr\/index.php?rest_route=\/wp\/v2\/users\/1"}],"replies":[{"embeddable":true,"href":"https:\/\/archive.sana.sy\/tr\/index.php?rest_route=%2Fwp%2Fv2%2Fcomments&post=58117"}],"version-history":[{"count":0,"href":"https:\/\/archive.sana.sy\/tr\/index.php?rest_route=\/wp\/v2\/posts\/58117\/revisions"}],"wp:featuredmedia":[{"embeddable":true,"href":"https:\/\/archive.sana.sy\/tr\/index.php?rest_route=\/wp\/v2\/media\/58118"}],"wp:attachment":[{"href":"https:\/\/archive.sana.sy\/tr\/index.php?rest_route=%2Fwp%2Fv2%2Fmedia&parent=58117"}],"wp:term":[{"taxonomy":"category","embeddable":true,"href":"https:\/\/archive.sana.sy\/tr\/index.php?rest_route=%2Fwp%2Fv2%2Fcategories&post=58117"},{"taxonomy":"post_tag","embeddable":true,"href":"https:\/\/archive.sana.sy\/tr\/index.php?rest_route=%2Fwp%2Fv2%2Ftags&post=58117"}],"curies":[{"name":"wp","href":"https:\/\/api.w.org\/{rel}","templated":true}]}}