{"id":58140,"date":"2016-01-17T14:51:54","date_gmt":"2016-01-17T12:51:54","guid":{"rendered":"http:\/\/sana.sy\/tr\/?p=58140"},"modified":"2016-01-17T14:51:54","modified_gmt":"2016-01-17T12:51:54","slug":"iki-surec-paralel-bir-sekilde-eszamanli-yurumelidir","status":"publish","type":"post","link":"https:\/\/archive.sana.sy\/tr\/?p=58140","title":{"rendered":"\u0130ki S\u00fcre\u00e7 Paralel Bir \u015eekilde E\u015fzamanl\u0131 Y\u00fcr\u00fcmelidir"},"content":{"rendered":"<p>TAHRAN \u2013 \u0130ran D\u0131\u015fi\u015fleri Bakan\u0131 Yard\u0131mc\u0131s\u0131 H\u00fcseyin Emir Abd\u00fcllehyan BM Suriye \u00f6zel temsilcisi Staffan de Mistura ile bulundu\u011fu telefon g\u00f6r\u00fc\u015fmesinde Viyana ve New York deklarasyonlar\u0131 gere\u011fince Suriye&#8217;de siyasi \u00e7\u00f6z\u00fcm ve ter\u00f6rle m\u00fccadele s\u00fcre\u00e7lerinin paralel bir \u015fekilde e\u015fzamanl\u0131 olarak s\u00fcrd\u00fcr\u00fclmesi gere\u011finin alt\u0131n\u0131 \u00e7izdi.<\/p>\n<p>Bug\u00fcn ger\u00e7ekle\u015fen telefon g\u00f6r\u00fc\u015fmesinde Abd\u00fcllehyan Suriye&#8217;deki krizin insani boyutlar\u0131na \u00f6nem verme gere\u011finin de alt\u0131n\u0131 \u00e7izdi.<\/p>\n<p>De Mistura ise Suriye h\u00fck\u00fcmeti ile muhalefet temsilcileri aras\u0131nda yap\u0131lmas\u0131 beklenen diyalog g\u00f6r\u00fc\u015fmelerine haz\u0131rl\u0131k ama\u00e7l\u0131 yo\u011fun \u00e7abalar\u0131 hakk\u0131nda Abd\u00fcllehyan\u2019a bilgi aktard\u0131. De Msitura Suriye halk\u0131na insani yard\u0131mlar\u0131n g\u00f6nderilmesi gere\u011fine de vurgu yapt\u0131.<\/p>\n","protected":false},"excerpt":{"rendered":"<p>TAHRAN \u2013 \u0130ran D\u0131\u015fi\u015fleri Bakan\u0131 Yard\u0131mc\u0131s\u0131 H\u00fcseyin Emir Abd\u00fcllehyan BM Suriye \u00f6zel temsilcisi Staffan de Mistura ile bulundu\u011fu telefon g\u00f6r\u00fc\u015fmesinde Viyana ve New York deklarasyonlar\u0131 gere\u011fince Suriye&#8217;de siyasi \u00e7\u00f6z\u00fcm ve ter\u00f6rle m\u00fccadele s\u00fcre\u00e7lerinin paralel bir \u015fekilde e\u015fzamanl\u0131 olarak s\u00fcrd\u00fcr\u00fclmesi gere\u011finin alt\u0131n\u0131 \u00e7izdi. Bug\u00fcn ger\u00e7ekle\u015fen telefon g\u00f6r\u00fc\u015fmesinde Abd\u00fcllehyan Suriye&#8217;deki krizin insani boyutlar\u0131na \u00f6nem verme gere\u011finin de &hellip;<\/p>\n","protected":false},"author":1,"featured_media":58141,"comment_status":"closed","ping_status":"closed","sticky":false,"template":"","format":"standard","meta":{"footnotes":""},"categories":[458,459,17988],"tags":[18443,18617,8664,18618,18574,4076],"class_list":["post-58140","post","type-post","status-publish","format-standard","has-post-thumbnail","","category-dunya1","category-haberler-arap-uluslararasi-politika","category-son-haberler","tag-bm-suriye-ozel-temsilcisi-staffan-de-mistura","tag-iki-surec-paralel-bir-sekilde-eszamanli-yurumelidir","tag-iran-disisleri-bakani-yardimcisi-huseyin-emir-abdullehyan","tag-siyasi-surec","tag-suriye-krizi","tag-terorle-mucadele"],"_links":{"self":[{"href":"https:\/\/archive.sana.sy\/tr\/index.php?rest_route=\/wp\/v2\/posts\/58140","targetHints":{"allow":["GET"]}}],"collection":[{"href":"https:\/\/archive.sana.sy\/tr\/index.php?rest_route=\/wp\/v2\/posts"}],"about":[{"href":"https:\/\/archive.sana.sy\/tr\/index.php?rest_route=\/wp\/v2\/types\/post"}],"author":[{"embeddable":true,"href":"https:\/\/archive.sana.sy\/tr\/index.php?rest_route=\/wp\/v2\/users\/1"}],"replies":[{"embeddable":true,"href":"https:\/\/archive.sana.sy\/tr\/index.php?rest_route=%2Fwp%2Fv2%2Fcomments&post=58140"}],"version-history":[{"count":0,"href":"https:\/\/archive.sana.sy\/tr\/index.php?rest_route=\/wp\/v2\/posts\/58140\/revisions"}],"wp:featuredmedia":[{"embeddable":true,"href":"https:\/\/archive.sana.sy\/tr\/index.php?rest_route=\/wp\/v2\/media\/58141"}],"wp:attachment":[{"href":"https:\/\/archive.sana.sy\/tr\/index.php?rest_route=%2Fwp%2Fv2%2Fmedia&parent=58140"}],"wp:term":[{"taxonomy":"category","embeddable":true,"href":"https:\/\/archive.sana.sy\/tr\/index.php?rest_route=%2Fwp%2Fv2%2Fcategories&post=58140"},{"taxonomy":"post_tag","embeddable":true,"href":"https:\/\/archive.sana.sy\/tr\/index.php?rest_route=%2Fwp%2Fv2%2Ftags&post=58140"}],"curies":[{"name":"wp","href":"https:\/\/api.w.org\/{rel}","templated":true}]}}