{"id":58188,"date":"2016-01-18T08:01:15","date_gmt":"2016-01-18T06:01:15","guid":{"rendered":"http:\/\/sana.sy\/tr\/?p=58188"},"modified":"2016-01-18T12:39:50","modified_gmt":"2016-01-18T10:39:50","slug":"bombardimanlarda-onlarca-sivil-oldu","status":"publish","type":"post","link":"https:\/\/archive.sana.sy\/tr\/?p=58188","title":{"rendered":"Bombard\u0131manlarda Onlarca Sivil \u00d6ld\u00fc"},"content":{"rendered":"<p>SANA \u2013 Yemenli g\u00fcvenlik kaynaklar\u0131 Suudi rejimine tabi sava\u015f u\u00e7aklar\u0131n ba\u015fkent Sana\u2019ya hava bombard\u0131manlar\u0131n\u0131 s\u00fcrd\u00fcrd\u00fcklerini belirtirken, bu sald\u0131r\u0131larda aralar\u0131nda \u00e7ocuk ve kad\u0131nlar\u0131n bulundu\u011fu onlarca sivilin \u00f6ld\u00fc\u011f\u00fcne dikkat \u00e7ekti.<\/p>\n<p>Yemen resmi haber ajans\u0131 SABA\u2019n\u0131n aktard\u0131\u011f\u0131 a\u00e7\u0131klamalar\u0131nda kaynak; d\u00fc\u015fman sava\u015f u\u00e7aklar\u0131n sivillerin yo\u011fun oldu\u011fu b\u00f6lgede emniyet m\u00fcd\u00fcrl\u00fcklerini a\u011f\u0131r f\u00fczelerle bombalad\u0131klar\u0131n\u0131 belirtti. Kaynak sald\u0131r\u0131larda onlarca sivil vatanda\u015f\u0131n \u00f6ld\u00fc\u011f\u00fcn\u00fc, civarda bulunan ev ve i\u015fyerlerinde b\u00fcy\u00fck y\u0131k\u0131m\u0131n olu\u015ftu\u011funu s\u00f6zlerine ekledi.<\/p>\n","protected":false},"excerpt":{"rendered":"<p>SANA \u2013 Yemenli g\u00fcvenlik kaynaklar\u0131 Suudi rejimine tabi sava\u015f u\u00e7aklar\u0131n ba\u015fkent Sana\u2019ya hava bombard\u0131manlar\u0131n\u0131 s\u00fcrd\u00fcrd\u00fcklerini belirtirken, bu sald\u0131r\u0131larda aralar\u0131nda \u00e7ocuk ve kad\u0131nlar\u0131n bulundu\u011fu onlarca sivilin \u00f6ld\u00fc\u011f\u00fcne dikkat \u00e7ekti. Yemen resmi haber ajans\u0131 SABA\u2019n\u0131n aktard\u0131\u011f\u0131 a\u00e7\u0131klamalar\u0131nda kaynak; d\u00fc\u015fman sava\u015f u\u00e7aklar\u0131n sivillerin yo\u011fun oldu\u011fu b\u00f6lgede emniyet m\u00fcd\u00fcrl\u00fcklerini a\u011f\u0131r f\u00fczelerle bombalad\u0131klar\u0131n\u0131 belirtti. Kaynak sald\u0131r\u0131larda onlarca sivil vatanda\u015f\u0131n \u00f6ld\u00fc\u011f\u00fcn\u00fc, &hellip;<\/p>\n","protected":false},"author":1,"featured_media":58190,"comment_status":"closed","ping_status":"closed","sticky":false,"template":"","format":"standard","meta":{"footnotes":""},"categories":[458,459,17988],"tags":[18631,18632,18633,14147,18630,1543],"class_list":["post-58188","post","type-post","status-publish","format-standard","has-post-thumbnail","","category-dunya1","category-haberler-arap-uluslararasi-politika","category-son-haberler","tag-koalisyon-ucaklari","tag-sana","tag-sivil-oldu","tag-suudi-rejimi","tag-suudi-savas-ucaklari","tag-yemen"],"_links":{"self":[{"href":"https:\/\/archive.sana.sy\/tr\/index.php?rest_route=\/wp\/v2\/posts\/58188","targetHints":{"allow":["GET"]}}],"collection":[{"href":"https:\/\/archive.sana.sy\/tr\/index.php?rest_route=\/wp\/v2\/posts"}],"about":[{"href":"https:\/\/archive.sana.sy\/tr\/index.php?rest_route=\/wp\/v2\/types\/post"}],"author":[{"embeddable":true,"href":"https:\/\/archive.sana.sy\/tr\/index.php?rest_route=\/wp\/v2\/users\/1"}],"replies":[{"embeddable":true,"href":"https:\/\/archive.sana.sy\/tr\/index.php?rest_route=%2Fwp%2Fv2%2Fcomments&post=58188"}],"version-history":[{"count":0,"href":"https:\/\/archive.sana.sy\/tr\/index.php?rest_route=\/wp\/v2\/posts\/58188\/revisions"}],"wp:featuredmedia":[{"embeddable":true,"href":"https:\/\/archive.sana.sy\/tr\/index.php?rest_route=\/wp\/v2\/media\/58190"}],"wp:attachment":[{"href":"https:\/\/archive.sana.sy\/tr\/index.php?rest_route=%2Fwp%2Fv2%2Fmedia&parent=58188"}],"wp:term":[{"taxonomy":"category","embeddable":true,"href":"https:\/\/archive.sana.sy\/tr\/index.php?rest_route=%2Fwp%2Fv2%2Fcategories&post=58188"},{"taxonomy":"post_tag","embeddable":true,"href":"https:\/\/archive.sana.sy\/tr\/index.php?rest_route=%2Fwp%2Fv2%2Ftags&post=58188"}],"curies":[{"name":"wp","href":"https:\/\/api.w.org\/{rel}","templated":true}]}}