{"id":58192,"date":"2016-01-18T15:19:37","date_gmt":"2016-01-18T13:19:37","guid":{"rendered":"http:\/\/sana.sy\/tr\/?p=58192"},"modified":"2016-01-20T14:48:21","modified_gmt":"2016-01-20T12:48:21","slug":"olimpiyatlarda-ustun-basarili-ogrencilere-ayricalik-tanindi","status":"publish","type":"post","link":"https:\/\/archive.sana.sy\/tr\/?p=58192","title":{"rendered":"Olimpiyatlarda \u00dcst\u00fcn Ba\u015far\u0131l\u0131 \u00d6\u011frencilere Ayr\u0131cal\u0131k Tan\u0131nd\u0131"},"content":{"rendered":"<p>\u015eAM \u2013 Cumhurba\u015fkan\u0131 Be\u015f\u015far el Esad bug\u00fcn ulusal uluslar aras\u0131 bilimsel olimpiyatlarda \u00fcst\u00fcn ba\u015far\u0131 kaydeden lise mezunu \u00f6\u011frencilerin Suriye \u00fcniversitelerinde kay\u0131t hakk\u0131 tan\u0131yan 2016\/4 say\u0131l\u0131 kararnameyi onaylad\u0131.<\/p>\n<p>Kararname ayr\u0131ca ba\u015far\u0131l\u0131 \u00f6\u011frencilere yurtd\u0131\u015f\u0131nda doktora veya mast\u0131r yapmalar\u0131n\u0131n yan\u0131 s\u0131ra \u00fcniversite veya ara\u015ft\u0131rma merkezlerine direk atanmalar\u0131n\u0131 \u00f6ng\u00f6r\u00fcyor.<\/p>\n","protected":false},"excerpt":{"rendered":"<p>\u015eAM \u2013 Cumhurba\u015fkan\u0131 Be\u015f\u015far el Esad bug\u00fcn ulusal uluslar aras\u0131 bilimsel olimpiyatlarda \u00fcst\u00fcn ba\u015far\u0131 kaydeden lise mezunu \u00f6\u011frencilerin Suriye \u00fcniversitelerinde kay\u0131t hakk\u0131 tan\u0131yan 2016\/4 say\u0131l\u0131 kararnameyi onaylad\u0131. Kararname ayr\u0131ca ba\u015far\u0131l\u0131 \u00f6\u011frencilere yurtd\u0131\u015f\u0131nda doktora veya mast\u0131r yapmalar\u0131n\u0131n yan\u0131 s\u0131ra \u00fcniversite veya ara\u015ft\u0131rma merkezlerine direk atanmalar\u0131n\u0131 \u00f6ng\u00f6r\u00fcyor.<\/p>\n","protected":false},"author":1,"featured_media":58196,"comment_status":"closed","ping_status":"closed","sticky":false,"template":"","format":"standard","meta":{"footnotes":""},"categories":[479,605,17988,612,599,478],"tags":[18638,17256,18637,18423,18639,16714],"class_list":["post-58192","post","type-post","status-publish","format-standard","has-post-thumbnail","","category-haberler-yerel","category-sayin-cumhurbaskani","category-son-haberler","category-yasama-kararnameler","category-yasama-ve-kanunlar","category-yerel","tag-basarili-ogrenciler","tag-bessar-el-esad","tag-bilimsel-olimpiyatlar","tag-kanunname","tag-universite","tag-yasama-karari"],"_links":{"self":[{"href":"https:\/\/archive.sana.sy\/tr\/index.php?rest_route=\/wp\/v2\/posts\/58192","targetHints":{"allow":["GET"]}}],"collection":[{"href":"https:\/\/archive.sana.sy\/tr\/index.php?rest_route=\/wp\/v2\/posts"}],"about":[{"href":"https:\/\/archive.sana.sy\/tr\/index.php?rest_route=\/wp\/v2\/types\/post"}],"author":[{"embeddable":true,"href":"https:\/\/archive.sana.sy\/tr\/index.php?rest_route=\/wp\/v2\/users\/1"}],"replies":[{"embeddable":true,"href":"https:\/\/archive.sana.sy\/tr\/index.php?rest_route=%2Fwp%2Fv2%2Fcomments&post=58192"}],"version-history":[{"count":0,"href":"https:\/\/archive.sana.sy\/tr\/index.php?rest_route=\/wp\/v2\/posts\/58192\/revisions"}],"wp:featuredmedia":[{"embeddable":true,"href":"https:\/\/archive.sana.sy\/tr\/index.php?rest_route=\/wp\/v2\/media\/58196"}],"wp:attachment":[{"href":"https:\/\/archive.sana.sy\/tr\/index.php?rest_route=%2Fwp%2Fv2%2Fmedia&parent=58192"}],"wp:term":[{"taxonomy":"category","embeddable":true,"href":"https:\/\/archive.sana.sy\/tr\/index.php?rest_route=%2Fwp%2Fv2%2Fcategories&post=58192"},{"taxonomy":"post_tag","embeddable":true,"href":"https:\/\/archive.sana.sy\/tr\/index.php?rest_route=%2Fwp%2Fv2%2Ftags&post=58192"}],"curies":[{"name":"wp","href":"https:\/\/api.w.org\/{rel}","templated":true}]}}